{"id":42918,"date":"2022-07-29T14:53:03","date_gmt":"2022-07-29T17:53:03","guid":{"rendered":"https:\/\/www.todoeldia.com\/?p=42918"},"modified":"2022-07-29T14:53:04","modified_gmt":"2022-07-29T17:53:04","slug":"la-trampa-mortal-donde-alegremente-acaba-de-ingresar-sergio-massa-por-ernesto-tenembaum","status":"publish","type":"post","link":"https:\/\/www.todoeldia.com\/index.php\/2022\/07\/29\/la-trampa-mortal-donde-alegremente-acaba-de-ingresar-sergio-massa-por-ernesto-tenembaum\/","title":{"rendered":"La trampa mortal donde, alegremente, acaba de ingresar Sergio Massa.   Por Ernesto Tenembaum"},"content":{"rendered":"\n<p>Ser\u00eda muy ingenuo pensar que a Massa no le esperan los mismos desaf\u00edos que a Alberto Fern\u00e1ndez<\/p>\n\n\n\n<p>Muy pocos pol\u00edticos tienen la suerte de que les ofrezcan ser los hombres fuertes de un Gobierno. Entre ellos, solo a un min\u00fasculo grupo de elegidos les ocurre dos veces. Eso le sucedi\u00f3, por ejemplo, a Alberto Fern\u00e1ndez. La primera vez se fue peleado con Cristina Kirchner. La segunda es esta: se pueden ver los resultados. Desde ayer, Sergio Massa acaba de ingresar a esa peque\u00f1a elite. La primera vez, se fue peleado con Cristina Kirchner. Ojal\u00e1 haya aprendido algo de la reciente experiencia del Presidente. De lo contrario, todo terminar\u00e1 muy mal.<\/p>\n\n\n\n<p>Massa y Fern\u00e1ndez tienen muchos m\u00e1s rasgos en com\u00fan. Fern\u00e1ndez fue uno de los primeros dirigentes peronistas que se fue del kirchnerismo cuando se radicaliz\u00f3, despu\u00e9s de la guerra contra el campo. Eso sucedi\u00f3 en 2008. Poco tiempo despu\u00e9s, Sergio Massa quemar\u00eda tambi\u00e9n las naves para convertirse en el l\u00edder del peronismo no kirchnerista. El jefe de campa\u00f1a de Massa, en 2013 y 2015, fue Fern\u00e1ndez. En ese entonces Massa promet\u00eda limpiar al Estado de \u00f1oquis de la C\u00e1mpora y meter presos a los corruptos kirchneristas.<\/p>\n\n\n\n<p>Durante diez a\u00f1os, el peronismo se agit\u00f3 al ritmo de un debate que a\u00fan existe. De un lado estuvieron y est\u00e1n Cristina y M\u00e1ximo, y su grupo de admiradores, para los cuales todo lo hecho entre el 2008 y 2015 no necesita revisi\u00f3n porque fue perfecto. Del otro lado estuvieron y est\u00e1n Alberto Fern\u00e1ndez y Sergio Massa, para quienes el cristinismo tuvo rasgos sectarios, corruptos y, sobre todo, fue una muy mala administraci\u00f3n en t\u00e9rminos econ\u00f3micos.<\/p>\n\n\n\n<p>Para ganarle a Macri en 2019, Cristina encumbr\u00f3 a alguien a quien los suyos consideraban un traidor, aunque tal vez solo fuera un disidente. Una vez que ese hombre se transform\u00f3 en presidente se dedic\u00f3 a desestabilizarlo. Ahora, encumbra a otro dirigente a quien, otra vez, los suyos consideraban un traidor, aunque tal vez solo fuera un disidente. \u00bfQu\u00e9 har\u00e1 con \u00e9l?<\/p>\n\n\n\n<p>Ser\u00eda muy ingenuo pensar que a Massa no le esperan los mismos desaf\u00edos que a Fern\u00e1ndez. No es alguien del palo. Es uno que andaba por la embajada diciendo cosas horribles. En el mismo acto de la victoria, en 2019, Cristina le advirti\u00f3 que no volviera a traicionar. \u00bfPor qu\u00e9 lo tratar\u00eda, ahora que lo encumbr\u00f3, mejor que a Fern\u00e1ndez? \u00bfC\u00f3mo har\u00e1 Sergio para eludir la ratonera de la que Fern\u00e1ndez no pudo escapar?<\/p>\n\n\n\n<p>El aterrizaje de Massa en el coraz\u00f3n del Gobierno significa \u2013o podr\u00eda significar\u2014 un corte con la din\u00e1mica que gener\u00f3 una situaci\u00f3n insostenible. Ayer mismo, la Universidad Di Tella difundi\u00f3 sus prestigiosos \u00edndices de Confianza en el Gobierno y de Confianza del Consumidor. En ambos casos, los resultados est\u00e1n en el piso de la serie hist\u00f3rica. Muy pocas veces, en las \u00faltimas d\u00e9cadas, la gente dijo que estaba peor que ahora y tuvo tan poca simpat\u00eda con una administraci\u00f3n. El miedo ante esa realidad tal vez produzca milagros. Veremos.<\/p>\n\n\n\n<p>Mientras tanto, la designaci\u00f3n de Massa como superministro de Econom\u00eda implica \u2013o podr\u00eda implicar\u2014un cambio en el sistema pol\u00edtico interno del Gobierno. Hasta ahora, Fern\u00e1ndez era el que ejecutaba y Cristina ocupaba el rol de una especie de auditora de la gesti\u00f3n, que torturaba a Fern\u00e1ndez cuando no le gustaba alguien o algo. Ahora, aparece Massa en el centro de la gesti\u00f3n. La vicepresidenta seguir\u00e1 en su rol de auditora implacable. \u00bfY Fern\u00e1ndez? Tal vez sea un gran momento para que pase a un segundo plano, se reserve el poder que le da su firma, y habilite a que sea Massa el blanco de las reprimendas p\u00fablicas y las cr\u00edticas a los funcionarios que no funcionan.<\/p>\n\n\n\n<p>Pero, adem\u00e1s, la designaci\u00f3n de Massa es un replanteo en t\u00e9rminos econ\u00f3micos. Massa ha dicho muchas veces que es un admirador de la gesti\u00f3n de Carlos Menem. Fern\u00e1ndez, fiel a su estilo, es id\u00e9ntico y opuesto a Cristina al mismo tiempo. Massa no. Massa es amigo de la embajada de los Estados Unidos, era \u00edntimo de Jorge Brito, el banquero al que odiaba Cristina, tiene relaciones aceitadas con los principales referentes del poder econ\u00f3mico. Sabe, como cualquiera, que el problema m\u00e1s acuciante de la Argentina, es la falta de d\u00f3lares. Har\u00e1, como lo hizo Menem, cualquier cosa para conseguirlos. \u00bfQu\u00e9 dir\u00e1 Cristina cuando lo intente? Tal vez, como dicen muchos, ahora tenga miedo ante la posibilidad de que caiga el Gobierno. Pero, \u00bfy si Massa tranquiliza un poco las cosas?<\/p>\n\n\n\n<p>El principal desaf\u00edo del Frente de Todos no ha cambiado. Massa, como Fern\u00e1ndez, o Guzm\u00e1n, o Kulfas, o Scioli, o los gobernadores, comparten un enfoque b\u00e1sico; hay reglas, que en una econom\u00eda capitalista, se deben respetar. Cristina piensa distinto. Y es la m\u00e1s poderosa de esa sociedad. Ese problema sigue estando. Massa es lo que era Fern\u00e1ndez en 2019. Cree que podr\u00e1 con ella. Porque es h\u00e1bil, pillo, simp\u00e1tico, porque sabe como tratarla, porque tal vez crea que ella es consciente de los riesgos de no hacer lo que se debe. Fern\u00e1ndez cre\u00eda exactamente lo mismo. Pero tal vez, qui\u00e9n dice, Massa tenga raz\u00f3n y su picard\u00eda, su dedicaci\u00f3n, su capacidad innata de seducci\u00f3n, todo eso junto, sean irresistibles.<\/p>\n\n\n\n<p>En cualquier caso, en las mismas aguas en las que no pudo Fern\u00f1andez, ahora nadar\u00e1 \u00e9l. Un jugador de f\u00fatbol es una gran promesa hasta que finalmente entre a la cancha. Ah\u00ed se ve lo que vale. La dimensi\u00f3n de Massa, la gran promesa del Frente de Todos, se podr\u00e1 ver ahora. Audacia no le falta: agarr\u00f3 una brasa, se meti\u00f3 en una trampa terrible en un contexto que habr\u00eda atemorizado a cualquiera. En eso, hay que reconocerlo, actu\u00f3 como un n\u00famero uno.<\/p>\n\n\n\n<p>Mientras tanto, hay todo un m\u00e9todo en las par\u00e1bolas de Fern\u00e1ndez y Massa. Si alguien quiere ser ungido por Cristina, tal vez tenga que enfrentarla primero. A los obsecuentes no les ha ido tan bien como a ellos. Claro: esa paradoja despu\u00e9s se transforma en un desquicio cuando se trata de gobernar. El cristinismo designa a alguien para que no parezca que el kirchnerismo gobierna, pero despu\u00e9s lo enloquece para que sea kirchnerista.<\/p>\n\n\n\n<p>\u00bfQu\u00e9 podr\u00eda salir mal?<\/p>\n","protected":false},"excerpt":{"rendered":"<p>Ser\u00eda muy ingenuo pensar que a Massa no le esperan los mismos desaf\u00edos que a Alberto Fern\u00e1ndez Muy pocos pol\u00edticos tienen la suerte de que les ofrezcan ser los hombres fuertes de un Gobierno. Entre ellos, solo a un min\u00fasculo grupo de elegidos les ocurre dos veces. Eso le sucedi\u00f3, por ejemplo, a Alberto Fern\u00e1ndez. [&hellip;]<\/p>\n","protected":false},"author":2,"featured_media":42919,"comment_status":"open","ping_status":"open","sticky":false,"template":"","format":"standard","meta":{"tdm_status":"","tdm_grid_status":"","_joinchat":[],"footnotes":""},"categories":[71],"tags":[],"class_list":{"0":"post-42918","1":"post","2":"type-post","3":"status-publish","4":"format-standard","5":"has-post-thumbnail","7":"category-columnistas"},"amp_enabled":true,"_links":{"self":[{"href":"https:\/\/www.todoeldia.com\/index.php\/wp-json\/wp\/v2\/posts\/42918","targetHints":{"allow":["GET"]}}],"collection":[{"href":"https:\/\/www.todoeldia.com\/index.php\/wp-json\/wp\/v2\/posts"}],"about":[{"href":"https:\/\/www.todoeldia.com\/index.php\/wp-json\/wp\/v2\/types\/post"}],"author":[{"embeddable":true,"href":"https:\/\/www.todoeldia.com\/index.php\/wp-json\/wp\/v2\/users\/2"}],"replies":[{"embeddable":true,"href":"https:\/\/www.todoeldia.com\/index.php\/wp-json\/wp\/v2\/comments?post=42918"}],"version-history":[{"count":1,"href":"https:\/\/www.todoeldia.com\/index.php\/wp-json\/wp\/v2\/posts\/42918\/revisions"}],"predecessor-version":[{"id":42920,"href":"https:\/\/www.todoeldia.com\/index.php\/wp-json\/wp\/v2\/posts\/42918\/revisions\/42920"}],"wp:featuredmedia":[{"embeddable":true,"href":"https:\/\/www.todoeldia.com\/index.php\/wp-json\/wp\/v2\/media\/42919"}],"wp:attachment":[{"href":"https:\/\/www.todoeldia.com\/index.php\/wp-json\/wp\/v2\/media?parent=42918"}],"wp:term":[{"taxonomy":"category","embeddable":true,"href":"https:\/\/www.todoeldia.com\/index.php\/wp-json\/wp\/v2\/categories?post=42918"},{"taxonomy":"post_tag","embeddable":true,"href":"https:\/\/www.todoeldia.com\/index.php\/wp-json\/wp\/v2\/tags?post=42918"}],"curies":[{"name":"wp","href":"https:\/\/api.w.org\/{rel}","templated":true}]}}