{"id":42924,"date":"2022-07-29T15:05:27","date_gmt":"2022-07-29T18:05:27","guid":{"rendered":"https:\/\/www.todoeldia.com\/?p=42924"},"modified":"2022-07-29T15:05:28","modified_gmt":"2022-07-29T18:05:28","slug":"el-gobierno-de-alberto-fernandez-no-existe-mas-al-menos-como-lo-conociamos-por-diego-sehinkman","status":"publish","type":"post","link":"https:\/\/www.todoeldia.com\/index.php\/2022\/07\/29\/el-gobierno-de-alberto-fernandez-no-existe-mas-al-menos-como-lo-conociamos-por-diego-sehinkman\/","title":{"rendered":"El gobierno de Alberto Fern\u00e1ndez no existe m\u00e1s, al menos como lo conoc\u00edamos.&nbsp; Por Diego Sehinkman"},"content":{"rendered":"\n<p>&nbsp;Ya no es gradualismo sino shock. Empez\u00f3 una nueva etapa en donde cambia la configuraci\u00f3n del poder: Sergio Massa como cara visible, de frontman, y Cristina Kirchner detr\u00e1s, reserv\u00e1ndose las decisiones, aunque m\u00e1s escondida.<\/p>\n\n\n\n<p>El trato entre Sergio Massa y Cristina Kirchner es claro: para el tigrense, esta crisis representa la oportunidad de llegar casi a lo m\u00e1s alto del poder, lugar al que por v\u00eda de las urnas y la voluntad popular dif\u00edcilmente acceder\u00eda. Y para la vice. es la forma de intentar llegar a la orilla del 2023 sin que explote su gobierno, pero tomando estrat\u00e9gica distancia: si el experimento sale mal intentar\u00e1 convencernos de que el choque lo produjo el Frente Renovador.<\/p>\n\n\n\n<p>En los hechos, Alberto Fern\u00e1ndez pasa a ser un presidente testimonial, con baj\u00edsima influencia. Es el modo que encontr\u00f3 el peronismo para dar un golpe de palacio sin darlo oficialmente y sin apelar a mecanismos institucionales de reemplazo del primer mandatario, que le hubieran agregado un estigma extra a la catastr\u00f3fica gesti\u00f3n actual.<\/p>\n\n\n\n<p>De esta manera, no habr\u00e1 un \u201cpresidente peronista que no termina\u201d sino un reemplazo en los hechos. Massa no ser\u00e1 oficialmente el primer mandatario ni un primer ministro porque aqu\u00ed no existe esa figura, pero \u00e9l se siente presidente si tomamos en cuenta lo que poste\u00f3 su esposa Malena, que en Twitter puso: \u201cPrimero la Patria, luego el movimiento y despu\u00e9s los hombres (y mujeres). Desde siempre y para siempre espalda con espalda. Juntos los cuatro\u201d. Y mostr\u00f3 fotos familiares donde se los ve disfrutando en familia con sus dos hijos. Es claro: para los Massa-Galmarini representa el tan so\u00f1ado desembarco en la Rosada.<\/p>\n\n\n\n<p>C\u00f3mo ocurri\u00f3 este golpe de palacio no oficial<\/p>\n\n\n\n<p>Por la actitud del presidente que, adem\u00e1s de no estar de acuerdo en el rumbo con Cristina Kirchner, fue demasiado negador o procrastinador para tomar decisiones y, sobre todo, que nunca quiso hacer su propio trabajo de parto para nacer como l\u00edder. Del otro lado, la vice lo demoli\u00f3 en inc\u00f3modas cuotas: las cartas p\u00fablicas sobre \u201clos funcionarios que no funcionan\u201d, sus discursos de advertencia o humillaci\u00f3n al presidente que incluyeron una amenaza de vaciamiento del gabinete luego de las PASO, decenas de voces del kirchnerismo duro que le dijeron mequetrefe o borracho.<\/p>\n\n\n\n<p>A esto se agregaron las cr\u00edticas de sectores que el presidente sent\u00eda como aliados y que mostraron signos de alejamiento: movimientos sociales que empezaron a marcharle en contra, incomodidad del sindicalismo y un \u00faltimo cap\u00edtulo decisivo: el ultim\u00e1tum de los gobernadores. En su \u00faltima reuni\u00f3n, Alberto Fern\u00e1ndez fue literalmente intimado a tomar medidas fuertes por los mandatarios provinciales que ven peligrar sus reelecciones por el descalabro econ\u00f3mico.<\/p>\n\n\n\n<p>En otras palabras, el peronismo le dijo: \u201cAlberto, sal\u00ed con las manos en la cabeza, est\u00e1s rodeado\u201d. Cuidando las formas, pero con la paciencia ya agotada, el kirchnerismo, los gobernadores, gran parte de los intendentes y una parte del sindicalismo obligaron a un presidente atrincherado en la par\u00e1lisis a dejar virtualmente el cargo. Perotti y Bordet ped\u00edan en Twitter la llegada de Massa, al igual que Insaurralde. Y la CGT salud\u00f3 en un comunicado el nombramiento del tigrense. La ceremonia concluy\u00f3: rey muerto, rey puesto.<\/p>\n\n\n\n<p>La cuesti\u00f3n de fondo no est\u00e1 resuelta: la econom\u00eda.<\/p>\n\n\n\n<p>A Massa le corre el reloj. Deber\u00e1 \u201cacomodar la macro\u201d y frenar la inflaci\u00f3n, que lo espera en pocos d\u00edas con una trompada: entre 7 y 8 por ciento para julio. \u00bfBastar\u00e1 con el apoyo de los \u201ccompa\u00f1eros\u201d y de una parte del empresariado para tener \u00e9xito? \u00bfSer\u00e1 suficiente la hipot\u00e9tica capacidad de articulaci\u00f3n del nuevo ministro para enderezar el tim\u00f3n y generar confianza o se necesita adem\u00e1s un ajuste fuerte del gasto?<\/p>\n\n\n\n<p>El miedo a que una superinflaci\u00f3n se los lleve puestos impulsa al kirchnerismo a renunciar a seguir \u201cdistribuyendo\u201d y quiz\u00e1s congelen los proyectos de Salario Universal o moratorias previsionales. \u00bfPero es suficiente o hay que hacer un ajuste en serio? Traducido: \u00bfLa crisis econ\u00f3mica est\u00e1 pidiendo un m\u00e9dico o un cirujano?<\/p>\n\n\n\n<p>Para una enorme cantidad de economistas, si no se corta violentamente el gasto, el panorama puede empeorar much\u00edsimo. Pero es improbable que Cristina Kirchner o Massa quieran tomar medidas dr\u00e1sticas o impopulares. Con 100 por ciento de inflaci\u00f3n prevista, 50 por ciento de chicos pobres y 40 por ciento de trabajo informal, el partido gobernante se resiste a hacer reformas estructurales y sigue repitiendo su mantra: \u201ccualquier plan tiene que cerrar con la gente adentro\u201d. Vamos de vuelta: 100 de inflaci\u00f3n, 50 de chicos pobres y 40 de trabajo informal. La gente, \u00bfest\u00e1 adentro?<\/p>\n\n\n\n<p>\u00bfCu\u00e1l es el material m\u00e1s duro del universo? La ideolog\u00eda. La evidencia no perfora la creencia.<\/p>\n","protected":false},"excerpt":{"rendered":"<p>&nbsp;Ya no es gradualismo sino shock. Empez\u00f3 una nueva etapa en donde cambia la configuraci\u00f3n del poder: Sergio Massa como cara visible, de frontman, y Cristina Kirchner detr\u00e1s, reserv\u00e1ndose las decisiones, aunque m\u00e1s escondida. El trato entre Sergio Massa y Cristina Kirchner es claro: para el tigrense, esta crisis representa la oportunidad de llegar casi [&hellip;]<\/p>\n","protected":false},"author":2,"featured_media":42925,"comment_status":"open","ping_status":"open","sticky":false,"template":"","format":"standard","meta":{"tdm_status":"","tdm_grid_status":"","_joinchat":[],"footnotes":""},"categories":[71],"tags":[],"class_list":{"0":"post-42924","1":"post","2":"type-post","3":"status-publish","4":"format-standard","5":"has-post-thumbnail","7":"category-columnistas"},"amp_enabled":true,"_links":{"self":[{"href":"https:\/\/www.todoeldia.com\/index.php\/wp-json\/wp\/v2\/posts\/42924","targetHints":{"allow":["GET"]}}],"collection":[{"href":"https:\/\/www.todoeldia.com\/index.php\/wp-json\/wp\/v2\/posts"}],"about":[{"href":"https:\/\/www.todoeldia.com\/index.php\/wp-json\/wp\/v2\/types\/post"}],"author":[{"embeddable":true,"href":"https:\/\/www.todoeldia.com\/index.php\/wp-json\/wp\/v2\/users\/2"}],"replies":[{"embeddable":true,"href":"https:\/\/www.todoeldia.com\/index.php\/wp-json\/wp\/v2\/comments?post=42924"}],"version-history":[{"count":1,"href":"https:\/\/www.todoeldia.com\/index.php\/wp-json\/wp\/v2\/posts\/42924\/revisions"}],"predecessor-version":[{"id":42926,"href":"https:\/\/www.todoeldia.com\/index.php\/wp-json\/wp\/v2\/posts\/42924\/revisions\/42926"}],"wp:featuredmedia":[{"embeddable":true,"href":"https:\/\/www.todoeldia.com\/index.php\/wp-json\/wp\/v2\/media\/42925"}],"wp:attachment":[{"href":"https:\/\/www.todoeldia.com\/index.php\/wp-json\/wp\/v2\/media?parent=42924"}],"wp:term":[{"taxonomy":"category","embeddable":true,"href":"https:\/\/www.todoeldia.com\/index.php\/wp-json\/wp\/v2\/categories?post=42924"},{"taxonomy":"post_tag","embeddable":true,"href":"https:\/\/www.todoeldia.com\/index.php\/wp-json\/wp\/v2\/tags?post=42924"}],"curies":[{"name":"wp","href":"https:\/\/api.w.org\/{rel}","templated":true}]}}