{"id":42939,"date":"2022-07-29T18:17:58","date_gmt":"2022-07-29T21:17:58","guid":{"rendered":"https:\/\/www.todoeldia.com\/?p=42939"},"modified":"2022-07-29T18:17:59","modified_gmt":"2022-07-29T21:17:59","slug":"condenaron-a-los-dos-hombres-que-golpearon-y-causaron-la-muerte-de-un-joven-en-la-plaza-9-de-julio","status":"publish","type":"post","link":"https:\/\/www.todoeldia.com\/index.php\/2022\/07\/29\/condenaron-a-los-dos-hombres-que-golpearon-y-causaron-la-muerte-de-un-joven-en-la-plaza-9-de-julio\/","title":{"rendered":"Condenaron a los dos hombres que golpearon y causaron la muerte de un joven en la plaza 9 de Julio"},"content":{"rendered":"\n<p>El juez Jos\u00e9 Luis Riera, vocal de la Sala VI del Tribunal de Juicio, conden\u00f3 a \u00c1ngel Dami\u00e1n Ezequiel Sbriz (32) a la pena de tres a\u00f1os de prisi\u00f3n efectiva por resultar autor del delito de homicidio preterintencional en perjuicio de Rodolfo Fernando L\u00f3pez (51).<\/p>\n\n\n\n<p>El juez revoc\u00f3 la condicionalidad de una condena anterior que ten\u00eda el imputado y unific\u00f3 ambas penas en el monto de seis a\u00f1os de prisi\u00f3n efectiva. Se orden\u00f3 su traslado a la Unidad Carcelaria 1.<\/p>\n\n\n\n<p>En el mismo fallo, Andr\u00e9s Gustavo V\u00e1squez (25) result\u00f3 condenado a la pena de tres a\u00f1os de prisi\u00f3n de ejecuci\u00f3n condicional por resultar autor del delito de homicidio preterintencional. El imputado continuar\u00e1 en libertad por la modalidad de la pena dictada y deber\u00e1 cumplir durante tres a\u00f1os una serie de reglas de conducta, como abstenerse de usar estupefacientes y de abusar de bebidas alcoh\u00f3licas; adoptar oficio, arte, industria o profesi\u00f3n adecuada a su capacidad; fijar residencia y mantenerla actualizada.<\/p>\n\n\n\n<p>Finalmente, el juez orden\u00f3 que se les realice extracci\u00f3n de los datos gen\u00e9ticos a los dos imputados para su inscripci\u00f3n en el banco de datos correspondiente.<\/p>\n\n\n\n<p>Por el Ministerio P\u00fablico intervino la fiscal Ver\u00f3nica Simesen de Bielke. La defensa de los imputados estuvo a cargo de Walter Clark, de la Defensor\u00eda Oficial Penal 5.<\/p>\n\n\n\n<p>El hecho por el cual fueron condenados V\u00e1squez y Sbriz ocurri\u00f3 el 13 de enero de este a\u00f1o, al lado de la fuente de la plaza 9 de Julio. Seg\u00fan consta en la causa, ese d\u00eda, entre las 23 y las 23.30, L\u00f3pez se encontraba junto al bebedero, con unas botellas, cuando se acercaron los dos acusados.<\/p>\n\n\n\n<p>El damnificado \u2013quien padec\u00eda un trastorno mental desde su juventud- les lanz\u00f3 agua y ambos se molestaron y le propinaron dos patadas y un golpe de pu\u00f1o. L\u00f3pez cay\u00f3 al suelo, sobre el piso de laja, lesion\u00e1ndose la cabeza.<\/p>\n\n\n\n<p>La v\u00edctima fue trasladada al hospital San Bernardo, donde falleci\u00f3 el 18 de enero, por hipertensi\u00f3n endocraneal causada por politraumatismo enc\u00e9falo craneano grave.<\/p>\n","protected":false},"excerpt":{"rendered":"<p>El juez Jos\u00e9 Luis Riera, vocal de la Sala VI del Tribunal de Juicio, conden\u00f3 a \u00c1ngel Dami\u00e1n Ezequiel Sbriz (32) a la pena de tres a\u00f1os de prisi\u00f3n efectiva por resultar autor del delito de homicidio preterintencional en perjuicio de Rodolfo Fernando L\u00f3pez (51). El juez revoc\u00f3 la condicionalidad de una condena anterior que [&hellip;]<\/p>\n","protected":false},"author":2,"featured_media":42940,"comment_status":"open","ping_status":"open","sticky":false,"template":"","format":"standard","meta":{"tdm_status":"","tdm_grid_status":"","_joinchat":[],"footnotes":""},"categories":[63],"tags":[],"class_list":{"0":"post-42939","1":"post","2":"type-post","3":"status-publish","4":"format-standard","5":"has-post-thumbnail","7":"category-policiales"},"amp_enabled":true,"_links":{"self":[{"href":"https:\/\/www.todoeldia.com\/index.php\/wp-json\/wp\/v2\/posts\/42939","targetHints":{"allow":["GET"]}}],"collection":[{"href":"https:\/\/www.todoeldia.com\/index.php\/wp-json\/wp\/v2\/posts"}],"about":[{"href":"https:\/\/www.todoeldia.com\/index.php\/wp-json\/wp\/v2\/types\/post"}],"author":[{"embeddable":true,"href":"https:\/\/www.todoeldia.com\/index.php\/wp-json\/wp\/v2\/users\/2"}],"replies":[{"embeddable":true,"href":"https:\/\/www.todoeldia.com\/index.php\/wp-json\/wp\/v2\/comments?post=42939"}],"version-history":[{"count":1,"href":"https:\/\/www.todoeldia.com\/index.php\/wp-json\/wp\/v2\/posts\/42939\/revisions"}],"predecessor-version":[{"id":42941,"href":"https:\/\/www.todoeldia.com\/index.php\/wp-json\/wp\/v2\/posts\/42939\/revisions\/42941"}],"wp:featuredmedia":[{"embeddable":true,"href":"https:\/\/www.todoeldia.com\/index.php\/wp-json\/wp\/v2\/media\/42940"}],"wp:attachment":[{"href":"https:\/\/www.todoeldia.com\/index.php\/wp-json\/wp\/v2\/media?parent=42939"}],"wp:term":[{"taxonomy":"category","embeddable":true,"href":"https:\/\/www.todoeldia.com\/index.php\/wp-json\/wp\/v2\/categories?post=42939"},{"taxonomy":"post_tag","embeddable":true,"href":"https:\/\/www.todoeldia.com\/index.php\/wp-json\/wp\/v2\/tags?post=42939"}],"curies":[{"name":"wp","href":"https:\/\/api.w.org\/{rel}","templated":true}]}}