{"id":42950,"date":"2022-07-30T00:46:26","date_gmt":"2022-07-30T03:46:26","guid":{"rendered":"https:\/\/www.todoeldia.com\/?p=42950"},"modified":"2022-07-30T00:46:27","modified_gmt":"2022-07-30T03:46:27","slug":"dos-hermanos-detenidos-en-rio-piedras-por-matar-un-perro-y-amenazar-a-su-propietario","status":"publish","type":"post","link":"https:\/\/www.todoeldia.com\/index.php\/2022\/07\/30\/dos-hermanos-detenidos-en-rio-piedras-por-matar-un-perro-y-amenazar-a-su-propietario\/","title":{"rendered":"Dos hermanos detenidos en Rio Piedras por matar un perro y amenazar a su propietario"},"content":{"rendered":"\n<p>La denuncia fue realizada por el propietario de un perro de tama\u00f1o mediano que fue lesionado gravemente y falleci\u00f3 luego. Los acusados son dos vecinos que lo amenazaron con un arma blanca cuando les reclam\u00f3 el hecho.<\/p>\n\n\n\n<p>El fiscal penal 2 de Met\u00e1n, Gonzalo G\u00f3mez Amado, imput\u00f3 en forma provisional a un hombre de 23 a\u00f1os como autor de los delitos de violaci\u00f3n a la ley de maltrato animal, previsto en el art. 1 de la Ley 14.346, y amenazas con arma blanca en concurso real. A su hermano de 27 a\u00f1os lo imput\u00f3 provisionalmente por el delito de amenazas con arma blanca.<\/p>\n\n\n\n<p>El hecho investigado ocurri\u00f3 este jueves por la tarde, cuando el denunciante tom\u00f3 conocimiento de que su mascota fue lesionada en la zona abdominal y al seguir el rastro, lleg\u00f3 a la casa de sus vecinos como sospechosos, a quienes les reclam\u00f3 el hecho y lo amenazaron con un arma blanca.<\/p>\n\n\n\n<p>Los acusados estuvieron acompa\u00f1ados de un defensor oficial, se abstuvieron de declarar y desde la Fiscal\u00eda se solicit\u00f3 que se mantenga su detenci\u00f3n.<\/p>\n","protected":false},"excerpt":{"rendered":"<p>La denuncia fue realizada por el propietario de un perro de tama\u00f1o mediano que fue lesionado gravemente y falleci\u00f3 luego. Los acusados son dos vecinos que lo amenazaron con un arma blanca cuando les reclam\u00f3 el hecho. El fiscal penal 2 de Met\u00e1n, Gonzalo G\u00f3mez Amado, imput\u00f3 en forma provisional a un hombre de 23 [&hellip;]<\/p>\n","protected":false},"author":2,"featured_media":39875,"comment_status":"open","ping_status":"open","sticky":false,"template":"","format":"standard","meta":{"tdm_status":"","tdm_grid_status":"","_joinchat":[],"footnotes":""},"categories":[63],"tags":[],"class_list":{"0":"post-42950","1":"post","2":"type-post","3":"status-publish","4":"format-standard","5":"has-post-thumbnail","7":"category-policiales"},"amp_enabled":true,"_links":{"self":[{"href":"https:\/\/www.todoeldia.com\/index.php\/wp-json\/wp\/v2\/posts\/42950","targetHints":{"allow":["GET"]}}],"collection":[{"href":"https:\/\/www.todoeldia.com\/index.php\/wp-json\/wp\/v2\/posts"}],"about":[{"href":"https:\/\/www.todoeldia.com\/index.php\/wp-json\/wp\/v2\/types\/post"}],"author":[{"embeddable":true,"href":"https:\/\/www.todoeldia.com\/index.php\/wp-json\/wp\/v2\/users\/2"}],"replies":[{"embeddable":true,"href":"https:\/\/www.todoeldia.com\/index.php\/wp-json\/wp\/v2\/comments?post=42950"}],"version-history":[{"count":1,"href":"https:\/\/www.todoeldia.com\/index.php\/wp-json\/wp\/v2\/posts\/42950\/revisions"}],"predecessor-version":[{"id":42951,"href":"https:\/\/www.todoeldia.com\/index.php\/wp-json\/wp\/v2\/posts\/42950\/revisions\/42951"}],"wp:featuredmedia":[{"embeddable":true,"href":"https:\/\/www.todoeldia.com\/index.php\/wp-json\/wp\/v2\/media\/39875"}],"wp:attachment":[{"href":"https:\/\/www.todoeldia.com\/index.php\/wp-json\/wp\/v2\/media?parent=42950"}],"wp:term":[{"taxonomy":"category","embeddable":true,"href":"https:\/\/www.todoeldia.com\/index.php\/wp-json\/wp\/v2\/categories?post=42950"},{"taxonomy":"post_tag","embeddable":true,"href":"https:\/\/www.todoeldia.com\/index.php\/wp-json\/wp\/v2\/tags?post=42950"}],"curies":[{"name":"wp","href":"https:\/\/api.w.org\/{rel}","templated":true}]}}