{"id":42955,"date":"2022-07-30T11:19:29","date_gmt":"2022-07-30T14:19:29","guid":{"rendered":"https:\/\/www.todoeldia.com\/?p=42955"},"modified":"2022-07-30T11:19:31","modified_gmt":"2022-07-30T14:19:31","slug":"secuestran-en-aguaray-38-toneladas-de-soja-que-planeaban-contrabandear-a-bolivia","status":"publish","type":"post","link":"https:\/\/www.todoeldia.com\/index.php\/2022\/07\/30\/secuestran-en-aguaray-38-toneladas-de-soja-que-planeaban-contrabandear-a-bolivia\/","title":{"rendered":"Secuestran en Aguaray 38 toneladas de soja que planeaban contrabandear a Bolivia"},"content":{"rendered":"\n<p>Los gendarmes secuestraron el veh\u00edculo y la mercader\u00eda, por encontrarse en infracci\u00f3n a la Ley 22.415 \u201cC\u00f3digo Aduanero\u201d<\/p>\n\n\n\n<p>Mientras efectuaban tareas de controles viales a la altura del kil\u00f3metro 1.466 de la Ruta Nacional N\u00b0 34, personal dependiente del Escuadr\u00f3n 54 \u201cAguaray\u201d detuvo la marcha de un cami\u00f3n con acoplado que circulaba en direcci\u00f3n Sur- Norte.<\/p>\n\n\n\n<p>Al solicitar al conductor del rodado la documentaci\u00f3n de la carga, los uniformados detectaron que las patentes no contaban con cartas de porte electr\u00f3nicas activas, por lo que procedieron a realizar un control f\u00edsico del cargamento.<\/p>\n\n\n\n<p>Los funcionarios constataron que se trasladaban bolsones con granos pero no coincid\u00eda con lo detallado en los documentos, como as\u00ed tambi\u00e9n que el pesaje exced\u00eda lo declarado.<\/p>\n\n\n\n<p>Intervinieron en el hecho, la Unidad de Delitos Econ\u00f3micos de Or\u00e1n, AFIP- DGA Delegaci\u00f3n Pocitos y la Fiscal\u00eda Federal de Tartagal, quien dispuso el secuestro de los rodados y el decomiso de la totalidad de la mercader\u00eda, la cual se trataba de soja entera por un peso de 38.560 kilos.<\/p>\n","protected":false},"excerpt":{"rendered":"<p>Los gendarmes secuestraron el veh\u00edculo y la mercader\u00eda, por encontrarse en infracci\u00f3n a la Ley 22.415 \u201cC\u00f3digo Aduanero\u201d Mientras efectuaban tareas de controles viales a la altura del kil\u00f3metro 1.466 de la Ruta Nacional N\u00b0 34, personal dependiente del Escuadr\u00f3n 54 \u201cAguaray\u201d detuvo la marcha de un cami\u00f3n con acoplado que circulaba en direcci\u00f3n Sur- [&hellip;]<\/p>\n","protected":false},"author":2,"featured_media":42956,"comment_status":"open","ping_status":"open","sticky":false,"template":"","format":"standard","meta":{"tdm_status":"","tdm_grid_status":"","_joinchat":[],"footnotes":""},"categories":[63],"tags":[],"class_list":{"0":"post-42955","1":"post","2":"type-post","3":"status-publish","4":"format-standard","5":"has-post-thumbnail","7":"category-policiales"},"amp_enabled":true,"_links":{"self":[{"href":"https:\/\/www.todoeldia.com\/index.php\/wp-json\/wp\/v2\/posts\/42955","targetHints":{"allow":["GET"]}}],"collection":[{"href":"https:\/\/www.todoeldia.com\/index.php\/wp-json\/wp\/v2\/posts"}],"about":[{"href":"https:\/\/www.todoeldia.com\/index.php\/wp-json\/wp\/v2\/types\/post"}],"author":[{"embeddable":true,"href":"https:\/\/www.todoeldia.com\/index.php\/wp-json\/wp\/v2\/users\/2"}],"replies":[{"embeddable":true,"href":"https:\/\/www.todoeldia.com\/index.php\/wp-json\/wp\/v2\/comments?post=42955"}],"version-history":[{"count":1,"href":"https:\/\/www.todoeldia.com\/index.php\/wp-json\/wp\/v2\/posts\/42955\/revisions"}],"predecessor-version":[{"id":42957,"href":"https:\/\/www.todoeldia.com\/index.php\/wp-json\/wp\/v2\/posts\/42955\/revisions\/42957"}],"wp:featuredmedia":[{"embeddable":true,"href":"https:\/\/www.todoeldia.com\/index.php\/wp-json\/wp\/v2\/media\/42956"}],"wp:attachment":[{"href":"https:\/\/www.todoeldia.com\/index.php\/wp-json\/wp\/v2\/media?parent=42955"}],"wp:term":[{"taxonomy":"category","embeddable":true,"href":"https:\/\/www.todoeldia.com\/index.php\/wp-json\/wp\/v2\/categories?post=42955"},{"taxonomy":"post_tag","embeddable":true,"href":"https:\/\/www.todoeldia.com\/index.php\/wp-json\/wp\/v2\/tags?post=42955"}],"curies":[{"name":"wp","href":"https:\/\/api.w.org\/{rel}","templated":true}]}}