{"id":42981,"date":"2022-07-30T19:15:18","date_gmt":"2022-07-30T22:15:18","guid":{"rendered":"https:\/\/www.todoeldia.com\/?p=42981"},"modified":"2022-07-30T19:15:19","modified_gmt":"2022-07-30T22:15:19","slug":"detienen-a-una-mujer-en-la-merced-por-golpear-brutalmente-a-su-hijo-de-10-anos","status":"publish","type":"post","link":"https:\/\/www.todoeldia.com\/index.php\/2022\/07\/30\/detienen-a-una-mujer-en-la-merced-por-golpear-brutalmente-a-su-hijo-de-10-anos\/","title":{"rendered":"Detienen a una mujer en La Merced por golpear brutalmente a su hijo de 10 a\u00f1os"},"content":{"rendered":"\n<p>Una mujer de 45 a\u00f1os se encuentra detenida y ser\u00e1 imputada el pr\u00f3ximo lunes por un hecho que habr\u00eda cometido en perjuicio de su hijo de 10 a\u00f1os durante las primeras horas de este s\u00e1bado.<\/p>\n\n\n\n<p>La fiscal penal 2 de la UGAP en turno, Ver\u00f3nica Simesen de Bielke, investiga un hecho ocurrido durante las primeras horas de este s\u00e1bado en la localidad de la Merced, donde un menor de 10 a\u00f1os habr\u00eda sido agredido f\u00edsicamente por su madre y debi\u00f3 ser trasladado al hospital Materno Infantil de la ciudad de Salta, donde ya se encuentra fuera de peligro.<\/p>\n\n\n\n<p>La madre del menor, como principal sospechosa, fue detenida y ser\u00e1 imputada el pr\u00f3ximo lunes.<\/p>\n\n\n\n<p>La fiscal Simesen de Bielke explic\u00f3 que se dispuso el cumplimiento de diversas medidas tendientes al esclarecimiento del hecho y que se dio intervenci\u00f3n a la Asesor\u00eda de Menores e Incapaces.<\/p>\n","protected":false},"excerpt":{"rendered":"<p>Una mujer de 45 a\u00f1os se encuentra detenida y ser\u00e1 imputada el pr\u00f3ximo lunes por un hecho que habr\u00eda cometido en perjuicio de su hijo de 10 a\u00f1os durante las primeras horas de este s\u00e1bado. La fiscal penal 2 de la UGAP en turno, Ver\u00f3nica Simesen de Bielke, investiga un hecho ocurrido durante las primeras [&hellip;]<\/p>\n","protected":false},"author":2,"featured_media":42982,"comment_status":"open","ping_status":"open","sticky":false,"template":"","format":"standard","meta":{"tdm_status":"","tdm_grid_status":"","_joinchat":[],"footnotes":""},"categories":[63],"tags":[],"class_list":{"0":"post-42981","1":"post","2":"type-post","3":"status-publish","4":"format-standard","5":"has-post-thumbnail","7":"category-policiales"},"amp_enabled":true,"_links":{"self":[{"href":"https:\/\/www.todoeldia.com\/index.php\/wp-json\/wp\/v2\/posts\/42981","targetHints":{"allow":["GET"]}}],"collection":[{"href":"https:\/\/www.todoeldia.com\/index.php\/wp-json\/wp\/v2\/posts"}],"about":[{"href":"https:\/\/www.todoeldia.com\/index.php\/wp-json\/wp\/v2\/types\/post"}],"author":[{"embeddable":true,"href":"https:\/\/www.todoeldia.com\/index.php\/wp-json\/wp\/v2\/users\/2"}],"replies":[{"embeddable":true,"href":"https:\/\/www.todoeldia.com\/index.php\/wp-json\/wp\/v2\/comments?post=42981"}],"version-history":[{"count":1,"href":"https:\/\/www.todoeldia.com\/index.php\/wp-json\/wp\/v2\/posts\/42981\/revisions"}],"predecessor-version":[{"id":42983,"href":"https:\/\/www.todoeldia.com\/index.php\/wp-json\/wp\/v2\/posts\/42981\/revisions\/42983"}],"wp:featuredmedia":[{"embeddable":true,"href":"https:\/\/www.todoeldia.com\/index.php\/wp-json\/wp\/v2\/media\/42982"}],"wp:attachment":[{"href":"https:\/\/www.todoeldia.com\/index.php\/wp-json\/wp\/v2\/media?parent=42981"}],"wp:term":[{"taxonomy":"category","embeddable":true,"href":"https:\/\/www.todoeldia.com\/index.php\/wp-json\/wp\/v2\/categories?post=42981"},{"taxonomy":"post_tag","embeddable":true,"href":"https:\/\/www.todoeldia.com\/index.php\/wp-json\/wp\/v2\/tags?post=42981"}],"curies":[{"name":"wp","href":"https:\/\/api.w.org\/{rel}","templated":true}]}}