{"id":42989,"date":"2022-07-30T19:42:37","date_gmt":"2022-07-30T22:42:37","guid":{"rendered":"https:\/\/www.todoeldia.com\/?p=42989"},"modified":"2022-07-30T19:42:40","modified_gmt":"2022-07-30T22:42:40","slug":"el-papa-francisco-no-descarto-renunciar-no-seria-una-catastrofe","status":"publish","type":"post","link":"https:\/\/www.todoeldia.com\/index.php\/2022\/07\/30\/el-papa-francisco-no-descarto-renunciar-no-seria-una-catastrofe\/","title":{"rendered":"El papa Francisco no descart\u00f3 renunciar: \u201cNo ser\u00eda una cat\u00e1strofe\u201d"},"content":{"rendered":"\n<p>A su regreso de la gira por Canad\u00e1, el obispo de Roma dijo que la puerta est\u00e1 abierta a su posible dimisi\u00f3n debido a su estado de salud. Admiti\u00f3 que no puede continuar el ritmo de antes.<\/p>\n\n\n\n<p>El papa Francisco asegur\u00f3 que \u201cla puerta est\u00e1 abierta\u201d a su posible renuncia al pontificado, aunque a\u00fan no ha pensado en esa posibilidad, y agreg\u00f3 que no ser\u00eda \u201cuna cat\u00e1strofe\u201d, durante la rueda de prensa en el vuelo de regreso a Roma donde tambi\u00e9n reconoci\u00f3 que el trato a los ind\u00edgenas en Canad\u00e1 equival\u00eda a un \u201cgenocidio\u201d.<\/p>\n\n\n\n<figure class=\"wp-block-image size-full is-resized\"><img loading=\"lazy\" decoding=\"async\" src=\"https:\/\/www.todoeldia.com\/wp-content\/uploads\/2022\/07\/image-126.png\" alt=\"\" class=\"wp-image-42991\" width=\"909\" height=\"515\"\/><figcaption>El papa Francisco asegur\u00f3 que no ser\u00eda algo extra\u00f1o ni una cat\u00e1strofe que renuncie a su cargo<\/figcaption><\/figure>\n\n\n\n<p>\u201cNo pronunci\u00e9 la palabra (en Canad\u00e1) porque no me vino a la mente, pero s\u00ed describ\u00ed un genocidio. Y ped\u00ed perd\u00f3n por ese proceso, que fue un genocidio\u201d, declar\u00f3 Francisco mientras abandonaba al pa\u00eds en el que estuvo durante seis d\u00edas.<\/p>\n\n\n\n<p>El sumo pont\u00edfice abord\u00f3 en varias ocasiones durante la rueda de prensa esta cuesti\u00f3n, as\u00ed como sus limitaciones f\u00edsicas, debido a que tiene que moverse en una silla de ruedas por su problema en la rodilla que le impide caminar y estar mucho tiempo de pie, como ha ocurrido en Canad\u00e1.<\/p>\n\n\n\n<p>Por ello admiti\u00f3, en esta ocasi\u00f3n, no en pie como es habitual, sino sentado en una silla ante los periodistas, que no cree que pueda seguir \u201ccon el mismo ritmo de los viajes de antes\u201d.<\/p>\n\n\n\n<p>\u201cA mi edad y con esta limitaci\u00f3n tengo que ahorrar fuerzas un poco para poder servir a la Iglesia\u201d o \u201cal contrario, pensar en la posibilidad de echarme a un lado\u201d, dijo durante una rueda de prensa de m\u00e1s de 45 minutos despu\u00e9s de la dura jornada en la que desde Quebec viaj\u00f3 a Iqualuit para reunirse con la poblaci\u00f3n de los inuit.<\/p>\n\n\n\n<p>El Papa ha desmentido en varias ocasiones, sobre todo despu\u00e9s de los insistentes rumores sobre una posible renuncia, que haya pensado en la posibilidad de dejar el cargo, pero hoy dej\u00f3 claro que es una de las opciones de futuro siguiendo el ejemplo del papa Benedicto XVI, que renunci\u00f3 al pontificado en febrero de 2013, al asegurar que le faltaban las fuerzas.<\/p>\n\n\n\n<p>\u201cLa puerta est\u00e1 abierta y es una de las opciones, pero hasta ahora no he llamado a esta puerta. No he sentido a\u00fan esta posibilidad, pero esto no quiere decir que ma\u00f1ana no empiece a pensar en ello\u201d, reiter\u00f3.<\/p>\n\n\n\n<p>Y destac\u00f3 que \u201cno ser\u00eda algo extra\u00f1o\u201d ni \u201cuna cat\u00e1strofe\u201d. \u201cSe puede cambiar de Papa, no hay ning\u00fan problema\u201d, a\u00f1adi\u00f3.<\/p>\n\n\n\n<p>Francisco tambi\u00e9n explic\u00f3 que cualquier tipo de decisi\u00f3n ser\u00e1 \u201cla voluntad del Se\u00f1or\u201d. \u201cSi el Se\u00f1or te indica que tienes que ir al rinc\u00f3n, te vas al rinc\u00f3n\u201d, se\u00f1al\u00f3 y matiz\u00f3 \u201cque a\u00fan no ha sentido esa llamada\u201d.<\/p>\n","protected":false},"excerpt":{"rendered":"<p>A su regreso de la gira por Canad\u00e1, el obispo de Roma dijo que la puerta est\u00e1 abierta a su posible dimisi\u00f3n debido a su estado de salud. Admiti\u00f3 que no puede continuar el ritmo de antes. El papa Francisco asegur\u00f3 que \u201cla puerta est\u00e1 abierta\u201d a su posible renuncia al pontificado, aunque a\u00fan no [&hellip;]<\/p>\n","protected":false},"author":2,"featured_media":42990,"comment_status":"open","ping_status":"open","sticky":false,"template":"","format":"standard","meta":{"tdm_status":"","tdm_grid_status":"","_joinchat":[],"footnotes":""},"categories":[73],"tags":[],"class_list":{"0":"post-42989","1":"post","2":"type-post","3":"status-publish","4":"format-standard","5":"has-post-thumbnail","7":"category-noticias-general"},"amp_enabled":true,"_links":{"self":[{"href":"https:\/\/www.todoeldia.com\/index.php\/wp-json\/wp\/v2\/posts\/42989","targetHints":{"allow":["GET"]}}],"collection":[{"href":"https:\/\/www.todoeldia.com\/index.php\/wp-json\/wp\/v2\/posts"}],"about":[{"href":"https:\/\/www.todoeldia.com\/index.php\/wp-json\/wp\/v2\/types\/post"}],"author":[{"embeddable":true,"href":"https:\/\/www.todoeldia.com\/index.php\/wp-json\/wp\/v2\/users\/2"}],"replies":[{"embeddable":true,"href":"https:\/\/www.todoeldia.com\/index.php\/wp-json\/wp\/v2\/comments?post=42989"}],"version-history":[{"count":1,"href":"https:\/\/www.todoeldia.com\/index.php\/wp-json\/wp\/v2\/posts\/42989\/revisions"}],"predecessor-version":[{"id":42992,"href":"https:\/\/www.todoeldia.com\/index.php\/wp-json\/wp\/v2\/posts\/42989\/revisions\/42992"}],"wp:featuredmedia":[{"embeddable":true,"href":"https:\/\/www.todoeldia.com\/index.php\/wp-json\/wp\/v2\/media\/42990"}],"wp:attachment":[{"href":"https:\/\/www.todoeldia.com\/index.php\/wp-json\/wp\/v2\/media?parent=42989"}],"wp:term":[{"taxonomy":"category","embeddable":true,"href":"https:\/\/www.todoeldia.com\/index.php\/wp-json\/wp\/v2\/categories?post=42989"},{"taxonomy":"post_tag","embeddable":true,"href":"https:\/\/www.todoeldia.com\/index.php\/wp-json\/wp\/v2\/tags?post=42989"}],"curies":[{"name":"wp","href":"https:\/\/api.w.org\/{rel}","templated":true}]}}