{"id":43011,"date":"2022-08-01T10:00:09","date_gmt":"2022-08-01T13:00:09","guid":{"rendered":"https:\/\/www.todoeldia.com\/?p=43011"},"modified":"2022-08-01T10:00:11","modified_gmt":"2022-08-01T13:00:11","slug":"zaira-vivira-el-resto-de-su-vida-internada-en-el-hospital-de-embarcacion","status":"publish","type":"post","link":"https:\/\/www.todoeldia.com\/index.php\/2022\/08\/01\/zaira-vivira-el-resto-de-su-vida-internada-en-el-hospital-de-embarcacion\/","title":{"rendered":"Zaira vivir\u00e1 el resto de su vida internada en el Hospital de Embarcaci\u00f3n"},"content":{"rendered":"\n<p>Zaira la ni\u00f1a Wichi que fue noticia nacional por las condiciones en que fue encontrada en su humilde vivienda y derivada al Hospital Materno Infantil donde estuvo dos meses, hoy fue trasladada al hospital de Embarcaci\u00f3n donde seguir\u00e1 internada el resto de su vida ya que padece de una enfermedad gen\u00e9tica degenerativa.<\/p>\n\n\n\n<p>El director del Materno Infantil Federico Mangione inform\u00f3 que la ni\u00f1a que ingreso con 17 kilos hoy retorna con 24 y con una mejor condici\u00f3n de vida, pero lamentablemente vivir\u00e1 en el hospital de Embarcaci\u00f3n debido a que es oxigeno dependiente y seguir\u00e1 postrada debido a su enfermedad degenerativa.<\/p>\n\n\n\n<p>El abuelo de la nena perteneciente a una comunidad Wichi de Embarcaci\u00f3n decidi\u00f3 trasladarla hasta el hospital de esa ciudad teniendo en cuenta que no habr\u00e1 mejoras en su estado para que este bajo el cuidado m\u00e9dico m\u00e1s cerca de su hogar.<\/p>\n\n\n\n<p>La Municipalidad junto al gobierno hab\u00edan construido una pieza en su humilde vivienda &nbsp;para mejorar sus condiciones de vida en el lugar, pero lamentablemente no podr\u00e1 utilizarla ya que vivir\u00e1 en el hospital de Embarcaci\u00f3n.<\/p>\n","protected":false},"excerpt":{"rendered":"<p>Zaira la ni\u00f1a Wichi que fue noticia nacional por las condiciones en que fue encontrada en su humilde vivienda y derivada al Hospital Materno Infantil donde estuvo dos meses, hoy fue trasladada al hospital de Embarcaci\u00f3n donde seguir\u00e1 internada el resto de su vida ya que padece de una enfermedad gen\u00e9tica degenerativa. El director del [&hellip;]<\/p>\n","protected":false},"author":2,"featured_media":43012,"comment_status":"open","ping_status":"open","sticky":false,"template":"","format":"standard","meta":{"tdm_status":"","tdm_grid_status":"","_joinchat":[],"footnotes":""},"categories":[73],"tags":[],"class_list":{"0":"post-43011","1":"post","2":"type-post","3":"status-publish","4":"format-standard","5":"has-post-thumbnail","7":"category-noticias-general"},"amp_enabled":true,"_links":{"self":[{"href":"https:\/\/www.todoeldia.com\/index.php\/wp-json\/wp\/v2\/posts\/43011","targetHints":{"allow":["GET"]}}],"collection":[{"href":"https:\/\/www.todoeldia.com\/index.php\/wp-json\/wp\/v2\/posts"}],"about":[{"href":"https:\/\/www.todoeldia.com\/index.php\/wp-json\/wp\/v2\/types\/post"}],"author":[{"embeddable":true,"href":"https:\/\/www.todoeldia.com\/index.php\/wp-json\/wp\/v2\/users\/2"}],"replies":[{"embeddable":true,"href":"https:\/\/www.todoeldia.com\/index.php\/wp-json\/wp\/v2\/comments?post=43011"}],"version-history":[{"count":1,"href":"https:\/\/www.todoeldia.com\/index.php\/wp-json\/wp\/v2\/posts\/43011\/revisions"}],"predecessor-version":[{"id":43013,"href":"https:\/\/www.todoeldia.com\/index.php\/wp-json\/wp\/v2\/posts\/43011\/revisions\/43013"}],"wp:featuredmedia":[{"embeddable":true,"href":"https:\/\/www.todoeldia.com\/index.php\/wp-json\/wp\/v2\/media\/43012"}],"wp:attachment":[{"href":"https:\/\/www.todoeldia.com\/index.php\/wp-json\/wp\/v2\/media?parent=43011"}],"wp:term":[{"taxonomy":"category","embeddable":true,"href":"https:\/\/www.todoeldia.com\/index.php\/wp-json\/wp\/v2\/categories?post=43011"},{"taxonomy":"post_tag","embeddable":true,"href":"https:\/\/www.todoeldia.com\/index.php\/wp-json\/wp\/v2\/tags?post=43011"}],"curies":[{"name":"wp","href":"https:\/\/api.w.org\/{rel}","templated":true}]}}