{"id":43014,"date":"2022-08-01T10:08:28","date_gmt":"2022-08-01T13:08:28","guid":{"rendered":"https:\/\/www.todoeldia.com\/?p=43014"},"modified":"2022-08-01T10:08:29","modified_gmt":"2022-08-01T13:08:29","slug":"nestor-y-cristina-kirchner-instalaron-una-de-las-matrices-mas-extraordinarias-de-corrupcion-aseguro-el-fiscal-en-el-inicio-de-su-alegato","status":"publish","type":"post","link":"https:\/\/www.todoeldia.com\/index.php\/2022\/08\/01\/nestor-y-cristina-kirchner-instalaron-una-de-las-matrices-mas-extraordinarias-de-corrupcion-aseguro-el-fiscal-en-el-inicio-de-su-alegato\/","title":{"rendered":"\u201cN\u00e9stor y Cristina Kirchner instalaron una de las matrices m\u00e1s extraordinarias de corrupci\u00f3n\u201d, asegur\u00f3 el fiscal en el inicio de su alegato"},"content":{"rendered":"\n<p>Diego Luciani comenz\u00f3 esta ma\u00f1ana su intervenci\u00f3n con una dura acusaci\u00f3n contra la vicepresidenta, principal acusada en el juicio por la obra p\u00fablica de Santa Cruz.<\/p>\n\n\n\n<p>El fiscal federal Diego Luciani inici\u00f3 este lunes su alegato en el juicio oral y p\u00fablico por la obra p\u00fablica de Santa Cruz, que tiene como principal imputada a la vicepresidenta Cristina Kirchner, quien participa de la audiencia virtual.<\/p>\n\n\n\n<p>\u201cEste ministerio P\u00fablico fiscal tiene por acreditado que entre los a\u00f1os 2003 y 2015 funcion\u00f3 en el seno del Estado una asociaci\u00f3n il\u00edcita de caracter\u00edsticas singulares. Se trat\u00f3 de una organizaci\u00f3n que con una figura de espejo replic\u00f3 en la clandestinidad un organigrama del Estado. Se trat\u00f3 de una asociaci\u00f3n il\u00edcita piramidal que tuvo en su c\u00faspide a quienes fueron jefes de estado y de la que participaron diversos funcionarios p\u00fablicos que en paralelo al plano legal pero vali\u00e9ndose de sus competencias prestaron los aportes necesarios \u201d, asegur\u00f3 el titular del Ministerio P\u00fablico en el inicio de su exposici\u00f3n, que se extender\u00e1 durante nueve jornadas.<\/p>\n\n\n\n<p>\u201cAl asumir N\u00e9stor Kirchner la Presidencia de la Naci\u00f3n y luego su esposa, Cristina Fern\u00e1ndez, instalaron y mantuvieron en el seno de la administraci\u00f3n nacional y provincial de Santa Cruz una de las matrices de corrupci\u00f3n m\u00e1s extraordinarias que lamentablemente y tristemente se hayan desarrollado en el pa\u00eds. Y cuando digo extraordinarias no es que considere que existe una corrupci\u00f3n ordinaria. Lo extraordinaria radica en las caracter\u00edsticas especiales de la asociaci\u00f3n\u201d, continu\u00f3.<\/p>\n\n\n\n<p>Luciano expuso tambi\u00e9n fuertes cr\u00edticas contra la Oficina Anticorrupci\u00f3n -se retir\u00f3 del caso- y la Unidad de Informaci\u00f3n Financiera (UIF), que semanas atr\u00e1s pidi\u00f3 la absoluci\u00f3n de la ex mandataria. Por lo tanto, la Fiscal\u00eda representa la \u00fanica acusaci\u00f3n que queda en pie. Si Luciani no pidiera una condena, el juicio se cae. Sin embargo, por el tenor de sus primeras palabras se descuenta que eso no suceder\u00e1.<\/p>\n\n\n\n<p>\u201cVamos a probar c\u00f3mo los imputados planearon y ejecutaron esta maniobra que provoc\u00f3 perjuicio colosal al erario y a todos los argentinos. Por eso hemos solicitado 9 jornadas: queremos explicar, mostrar la verdad, y quiz\u00e1s necesitemos m\u00e1s audiencias\u201d, anticip\u00f3.<\/p>\n\n\n\n<p>El pedido de condena para funcionarios suele estar acompa\u00f1ado con la inhabilitaci\u00f3n -en muchos casos es de manera perpetua- para ejercer cargos p\u00fablicos. No obstante, para que eso ocurra una eventual condena deber\u00eda quedar firme. Lo que implica la intervenci\u00f3n, despu\u00e9s del juicio oral, de la C\u00e1mara Federal de Casaci\u00f3n Penal y de la Corte Suprema de Justicia de la Naci\u00f3n.<\/p>\n\n\n\n<p>En la hoja de ruta que trazaron los jueces del Tribunal Oral Federal 2 -a cargo del debate-, Jorge Gorini, Rodrigo Gim\u00e9nez Uriburu y Andr\u00e9s Basso, la idea es que haya veredicto antes de fin de a\u00f1o. Pero los fundamentos de esa decisi\u00f3n quedar\u00edan para el 2023 y reci\u00e9n ah\u00ed las partes pueden apelar para que las eventuales condenas sean revisadas por Casaci\u00f3n y despu\u00e9s por la Corte. Esos plazos judiciales exceden el cronograma electoral del 2023.<\/p>\n\n\n\n<p>En este marco, Cristina Kirchner difundi\u00f3 semanas atr\u00e1s un video en el que sostiene que su condena ya est\u00e1 \u201cescrita\u201d y \u201ca esta altura, hasta firmada\u201d.<\/p>\n","protected":false},"excerpt":{"rendered":"<p>Diego Luciani comenz\u00f3 esta ma\u00f1ana su intervenci\u00f3n con una dura acusaci\u00f3n contra la vicepresidenta, principal acusada en el juicio por la obra p\u00fablica de Santa Cruz. El fiscal federal Diego Luciani inici\u00f3 este lunes su alegato en el juicio oral y p\u00fablico por la obra p\u00fablica de Santa Cruz, que tiene como principal imputada a [&hellip;]<\/p>\n","protected":false},"author":2,"featured_media":43015,"comment_status":"open","ping_status":"open","sticky":false,"template":"","format":"standard","meta":{"tdm_status":"","tdm_grid_status":"","_joinchat":[],"footnotes":""},"categories":[63],"tags":[],"class_list":{"0":"post-43014","1":"post","2":"type-post","3":"status-publish","4":"format-standard","5":"has-post-thumbnail","7":"category-policiales"},"amp_enabled":true,"_links":{"self":[{"href":"https:\/\/www.todoeldia.com\/index.php\/wp-json\/wp\/v2\/posts\/43014","targetHints":{"allow":["GET"]}}],"collection":[{"href":"https:\/\/www.todoeldia.com\/index.php\/wp-json\/wp\/v2\/posts"}],"about":[{"href":"https:\/\/www.todoeldia.com\/index.php\/wp-json\/wp\/v2\/types\/post"}],"author":[{"embeddable":true,"href":"https:\/\/www.todoeldia.com\/index.php\/wp-json\/wp\/v2\/users\/2"}],"replies":[{"embeddable":true,"href":"https:\/\/www.todoeldia.com\/index.php\/wp-json\/wp\/v2\/comments?post=43014"}],"version-history":[{"count":1,"href":"https:\/\/www.todoeldia.com\/index.php\/wp-json\/wp\/v2\/posts\/43014\/revisions"}],"predecessor-version":[{"id":43016,"href":"https:\/\/www.todoeldia.com\/index.php\/wp-json\/wp\/v2\/posts\/43014\/revisions\/43016"}],"wp:featuredmedia":[{"embeddable":true,"href":"https:\/\/www.todoeldia.com\/index.php\/wp-json\/wp\/v2\/media\/43015"}],"wp:attachment":[{"href":"https:\/\/www.todoeldia.com\/index.php\/wp-json\/wp\/v2\/media?parent=43014"}],"wp:term":[{"taxonomy":"category","embeddable":true,"href":"https:\/\/www.todoeldia.com\/index.php\/wp-json\/wp\/v2\/categories?post=43014"},{"taxonomy":"post_tag","embeddable":true,"href":"https:\/\/www.todoeldia.com\/index.php\/wp-json\/wp\/v2\/tags?post=43014"}],"curies":[{"name":"wp","href":"https:\/\/api.w.org\/{rel}","templated":true}]}}