{"id":43017,"date":"2022-08-01T10:22:40","date_gmt":"2022-08-01T13:22:40","guid":{"rendered":"https:\/\/www.todoeldia.com\/?p=43017"},"modified":"2022-08-01T10:22:42","modified_gmt":"2022-08-01T13:22:42","slug":"estaban-bebiendo-en-morillo-y-4-de-ellos-mataron-a-golpes-y-punaladas-a-otro-hombre","status":"publish","type":"post","link":"https:\/\/www.todoeldia.com\/index.php\/2022\/08\/01\/estaban-bebiendo-en-morillo-y-4-de-ellos-mataron-a-golpes-y-punaladas-a-otro-hombre\/","title":{"rendered":"Estaban bebiendo en Morillo y 4 de ellos mataron a golpes y pu\u00f1aladas a otro hombre"},"content":{"rendered":"\n<p>Un mayor y tres menores fueron detenidos y ser\u00e1n imputados por un hecho ocurrido el pasado s\u00e1bado en esa localidad, donde un hombre de 30 a\u00f1os falleci\u00f3 luego de ser golpeado y lesionado con un arma blanca en inmediaciones de Misi\u00f3n La Cortada. La audiencia de imputaci\u00f3n se concretar\u00e1 este lunes.<\/p>\n\n\n\n<p>El fiscal penal de la Unidad de Graves Atentados contra las Personas de Tartagal, Gonzalo Vega, investiga la muerte de un hombre de 30 a\u00f1os, ocurrida el pasado s\u00e1bado en la localidad de Coronel Juan Sol\u00e1.<\/p>\n\n\n\n<p>Seg\u00fan consta en las actuaciones, un hombre de 30 a\u00f1os fue encontrado sin vida en la v\u00eda p\u00fablica, en inmediaciones de Misi\u00f3n La Cortada y de las primeras tareas investigativas, se pudo determinar que particip\u00f3 de una reuni\u00f3n con ingesta alcoholica con otras personas y por razones que se tratan de establecer, se origin\u00f3 una gresca en la que recibi\u00f3 golpes y lesiones de arma blanca.<\/p>\n\n\n\n<p>El fiscal Vega dispuso el trabajo de personal de Criminal\u00edstica en el lugar, el traslado del cuerpo al Servicio de Tanatologia Forense del CIF de Or\u00e1n para que, cumplidos los protocolos sanitarios vigentes, se le realice la autopsia que permitir\u00e1 determinar la data y causa del fallecimiento.<\/p>\n\n\n\n<p>Los principales sospechosos son un hombre de 30 a\u00f1os y tres menores de edad, que fueron detenidos y ser\u00e1n imputados este lunes por el hecho.<\/p>\n","protected":false},"excerpt":{"rendered":"<p>Un mayor y tres menores fueron detenidos y ser\u00e1n imputados por un hecho ocurrido el pasado s\u00e1bado en esa localidad, donde un hombre de 30 a\u00f1os falleci\u00f3 luego de ser golpeado y lesionado con un arma blanca en inmediaciones de Misi\u00f3n La Cortada. La audiencia de imputaci\u00f3n se concretar\u00e1 este lunes. El fiscal penal de [&hellip;]<\/p>\n","protected":false},"author":2,"featured_media":35985,"comment_status":"open","ping_status":"open","sticky":false,"template":"","format":"standard","meta":{"tdm_status":"","tdm_grid_status":"","_joinchat":[],"footnotes":""},"categories":[63],"tags":[],"class_list":{"0":"post-43017","1":"post","2":"type-post","3":"status-publish","4":"format-standard","5":"has-post-thumbnail","7":"category-policiales"},"amp_enabled":true,"_links":{"self":[{"href":"https:\/\/www.todoeldia.com\/index.php\/wp-json\/wp\/v2\/posts\/43017","targetHints":{"allow":["GET"]}}],"collection":[{"href":"https:\/\/www.todoeldia.com\/index.php\/wp-json\/wp\/v2\/posts"}],"about":[{"href":"https:\/\/www.todoeldia.com\/index.php\/wp-json\/wp\/v2\/types\/post"}],"author":[{"embeddable":true,"href":"https:\/\/www.todoeldia.com\/index.php\/wp-json\/wp\/v2\/users\/2"}],"replies":[{"embeddable":true,"href":"https:\/\/www.todoeldia.com\/index.php\/wp-json\/wp\/v2\/comments?post=43017"}],"version-history":[{"count":1,"href":"https:\/\/www.todoeldia.com\/index.php\/wp-json\/wp\/v2\/posts\/43017\/revisions"}],"predecessor-version":[{"id":43018,"href":"https:\/\/www.todoeldia.com\/index.php\/wp-json\/wp\/v2\/posts\/43017\/revisions\/43018"}],"wp:featuredmedia":[{"embeddable":true,"href":"https:\/\/www.todoeldia.com\/index.php\/wp-json\/wp\/v2\/media\/35985"}],"wp:attachment":[{"href":"https:\/\/www.todoeldia.com\/index.php\/wp-json\/wp\/v2\/media?parent=43017"}],"wp:term":[{"taxonomy":"category","embeddable":true,"href":"https:\/\/www.todoeldia.com\/index.php\/wp-json\/wp\/v2\/categories?post=43017"},{"taxonomy":"post_tag","embeddable":true,"href":"https:\/\/www.todoeldia.com\/index.php\/wp-json\/wp\/v2\/tags?post=43017"}],"curies":[{"name":"wp","href":"https:\/\/api.w.org\/{rel}","templated":true}]}}