{"id":43029,"date":"2022-08-01T11:01:53","date_gmt":"2022-08-01T14:01:53","guid":{"rendered":"https:\/\/www.todoeldia.com\/?p=43029"},"modified":"2022-08-01T11:01:56","modified_gmt":"2022-08-01T14:01:56","slug":"camila-homs-subio-una-foto-picante-y-los-comentarios-buscaron-rivales-feroces-no-te-llega-ni-a-los-talones","status":"publish","type":"post","link":"https:\/\/www.todoeldia.com\/index.php\/2022\/08\/01\/camila-homs-subio-una-foto-picante-y-los-comentarios-buscaron-rivales-feroces-no-te-llega-ni-a-los-talones\/","title":{"rendered":"Camila Homs subi\u00f3 una foto picante y los comentarios buscaron rivales feroces: \u201cNo te llega ni a los talones\u201d"},"content":{"rendered":"\n<p>En medio del conflicto judicial con Rodrigo de Paul, Camila Homs public\u00f3 una foto en ropa interior en Instagram y le llovieron los apoyos de los usuarios.<\/p>\n\n\n\n<p>En medio del esc\u00e1ndalo por su separaci\u00f3n de Rodrigo de Paul y por la demanda millonaria, Camila Homs public\u00f3 en sus redes una foto que le vali\u00f3 el elogio de sus miles de seguidores.<\/p>\n\n\n\n<p>La modelo pos\u00f3 frente en ropa interior y frente a un espejo, con la luz del sol entrando por la ventana e iluminando su cara.<\/p>\n\n\n\n<p>Como era de esperar, la publicaci\u00f3n tuvo un gran \u00e9xito, ya que en pocas horas acumul\u00f3 m\u00e1s de 45.000 \u201cme gusta\u201d y cientos de comentarios. Los seguidores de Camila Homs no dudaron en elogiarla, a la vez que le enviaron su apoyo en medio de la crisis con el padre de sus hijos.<\/p>\n\n\n\n<p>\u201cHermosa\u201d, \u201cQu\u00e9 bomba\u201d, \u201cNo te llega ni a los talones\u201d, \u201c\u00c1branle los ojos al otro salame\u201d, \u201cMin\u00f3n\u201d, \u201cQu\u00e9 mujer\u201d, \u201cEs mucho\u201d, \u201cNo pod\u00e9s ser m\u00e1s diosa\u201d o \u201cQu\u00e9 cuerpazo\u201d fueron algunos de los elogios, con cr\u00edticas a De Paul inclu\u00eddas.<\/p>\n","protected":false},"excerpt":{"rendered":"<p>En medio del conflicto judicial con Rodrigo de Paul, Camila Homs public\u00f3 una foto en ropa interior en Instagram y le llovieron los apoyos de los usuarios. En medio del esc\u00e1ndalo por su separaci\u00f3n de Rodrigo de Paul y por la demanda millonaria, Camila Homs public\u00f3 en sus redes una foto que le vali\u00f3 el [&hellip;]<\/p>\n","protected":false},"author":2,"featured_media":43030,"comment_status":"open","ping_status":"open","sticky":false,"template":"","format":"standard","meta":{"tdm_status":"","tdm_grid_status":"","_joinchat":[],"footnotes":""},"categories":[120],"tags":[],"class_list":{"0":"post-43029","1":"post","2":"type-post","3":"status-publish","4":"format-standard","5":"has-post-thumbnail","7":"category-espectaculos-2"},"amp_enabled":true,"_links":{"self":[{"href":"https:\/\/www.todoeldia.com\/index.php\/wp-json\/wp\/v2\/posts\/43029","targetHints":{"allow":["GET"]}}],"collection":[{"href":"https:\/\/www.todoeldia.com\/index.php\/wp-json\/wp\/v2\/posts"}],"about":[{"href":"https:\/\/www.todoeldia.com\/index.php\/wp-json\/wp\/v2\/types\/post"}],"author":[{"embeddable":true,"href":"https:\/\/www.todoeldia.com\/index.php\/wp-json\/wp\/v2\/users\/2"}],"replies":[{"embeddable":true,"href":"https:\/\/www.todoeldia.com\/index.php\/wp-json\/wp\/v2\/comments?post=43029"}],"version-history":[{"count":1,"href":"https:\/\/www.todoeldia.com\/index.php\/wp-json\/wp\/v2\/posts\/43029\/revisions"}],"predecessor-version":[{"id":43031,"href":"https:\/\/www.todoeldia.com\/index.php\/wp-json\/wp\/v2\/posts\/43029\/revisions\/43031"}],"wp:featuredmedia":[{"embeddable":true,"href":"https:\/\/www.todoeldia.com\/index.php\/wp-json\/wp\/v2\/media\/43030"}],"wp:attachment":[{"href":"https:\/\/www.todoeldia.com\/index.php\/wp-json\/wp\/v2\/media?parent=43029"}],"wp:term":[{"taxonomy":"category","embeddable":true,"href":"https:\/\/www.todoeldia.com\/index.php\/wp-json\/wp\/v2\/categories?post=43029"},{"taxonomy":"post_tag","embeddable":true,"href":"https:\/\/www.todoeldia.com\/index.php\/wp-json\/wp\/v2\/tags?post=43029"}],"curies":[{"name":"wp","href":"https:\/\/api.w.org\/{rel}","templated":true}]}}