{"id":43032,"date":"2022-08-01T11:32:58","date_gmt":"2022-08-01T14:32:58","guid":{"rendered":"https:\/\/www.todoeldia.com\/?p=43032"},"modified":"2022-08-01T11:32:59","modified_gmt":"2022-08-01T14:32:59","slug":"comenzo-el-juicio-para-los-acusados-de-asesinar-al-joven-martin-cruz-para-robarle-las-zapatillas-y-la-gorra","status":"publish","type":"post","link":"https:\/\/www.todoeldia.com\/index.php\/2022\/08\/01\/comenzo-el-juicio-para-los-acusados-de-asesinar-al-joven-martin-cruz-para-robarle-las-zapatillas-y-la-gorra\/","title":{"rendered":"Comenz\u00f3 el juicio para los acusados de asesinar al joven Mart\u00edn Cruz para robarle las zapatillas y la gorra"},"content":{"rendered":"\n<p>Este lunes inici\u00f3 el juicio por un joven de 17 a\u00f1os que fue asesinado en julio de 2021 en la zona denominada \u201ccancha de piedra\u201d de Villa Asunci\u00f3n, en la zona Oeste de la ciudad de Salta. Dos mayores y un menor, lo abordaron para robarle las zapatillas y lo lesionaron mortalmente con un arma blanca.<\/p>\n\n\n\n<p>La fiscal penal 2 de la Unidad de Graves Atentados contra las Personas, Ver\u00f3nica Simesen de Bielke, representa al Ministerio P\u00fablico Fiscal ante la Sala II del Tribunal de Juicio, en la audiencia de debate contra Joaqu\u00edn Alberto Ram\u00edrez y Alex Emanuel Guzm\u00e1n como autores del delito de homicidio calificado por ser cometido con el concurso premeditado de dos o m\u00e1s personas, criminis causae y agravado por la participaci\u00f3n de un menor de edad en perjuicio de Emanuel Mart\u00edn Cruz.<\/p>\n\n\n\n<p>Este lunes, luego de la lectura del requerimiento a juicio, los dos imputados prestaron declaraci\u00f3n ante el juez interino Pablo Farah, dando cada uno su versi\u00f3n de lo sucedido el s\u00e1bado 18 de julio de 2021 y admitiendo haber tenido un encuentro con la v\u00edctima.<\/p>\n\n\n\n<p>Luego se dio lugar a la ronda de testimoniales, con la declaraci\u00f3n de familiares del joven fallecido.<\/p>\n\n\n\n<p>El hecho ocurri\u00f3 el 18 de julio de 2021, pasada la medianoche, cuando Cruz circulaba por avenida Circunvalaci\u00f3n Juan XXIII y en la intersecci\u00f3n de calle Cabo Vizcarra, fue interceptado por Guzm\u00e1n, Ram\u00edrez y un menor de 15 a\u00f1os, quienes con intenciones de sustraerle las zapatillas que calzaba, le asestaron varias pu\u00f1aladas con un cuchillo en la zona frontal y lateral del cuerpo. Luego se dieron a la fuga con el calzado y una gorra de la v\u00edctima.<\/p>\n\n\n\n<p>El menor lesionado fue auxiliado por ocasionales transe\u00fantes, que lo trasladaron a un centro de salud cercano, donde lleg\u00f3 sin signos vitales.<\/p>\n\n\n\n<p>Seg\u00fan lo previsto por el Tribunal, la audiencia se desarrollar\u00e1 los d\u00edas 1, 2, 3, 4, 5 y 12 de agosto.<\/p>\n","protected":false},"excerpt":{"rendered":"<p>Este lunes inici\u00f3 el juicio por un joven de 17 a\u00f1os que fue asesinado en julio de 2021 en la zona denominada \u201ccancha de piedra\u201d de Villa Asunci\u00f3n, en la zona Oeste de la ciudad de Salta. Dos mayores y un menor, lo abordaron para robarle las zapatillas y lo lesionaron mortalmente con un arma [&hellip;]<\/p>\n","protected":false},"author":2,"featured_media":43033,"comment_status":"open","ping_status":"open","sticky":false,"template":"","format":"standard","meta":{"tdm_status":"","tdm_grid_status":"","_joinchat":[],"footnotes":""},"categories":[63],"tags":[],"class_list":{"0":"post-43032","1":"post","2":"type-post","3":"status-publish","4":"format-standard","5":"has-post-thumbnail","7":"category-policiales"},"amp_enabled":true,"_links":{"self":[{"href":"https:\/\/www.todoeldia.com\/index.php\/wp-json\/wp\/v2\/posts\/43032","targetHints":{"allow":["GET"]}}],"collection":[{"href":"https:\/\/www.todoeldia.com\/index.php\/wp-json\/wp\/v2\/posts"}],"about":[{"href":"https:\/\/www.todoeldia.com\/index.php\/wp-json\/wp\/v2\/types\/post"}],"author":[{"embeddable":true,"href":"https:\/\/www.todoeldia.com\/index.php\/wp-json\/wp\/v2\/users\/2"}],"replies":[{"embeddable":true,"href":"https:\/\/www.todoeldia.com\/index.php\/wp-json\/wp\/v2\/comments?post=43032"}],"version-history":[{"count":1,"href":"https:\/\/www.todoeldia.com\/index.php\/wp-json\/wp\/v2\/posts\/43032\/revisions"}],"predecessor-version":[{"id":43034,"href":"https:\/\/www.todoeldia.com\/index.php\/wp-json\/wp\/v2\/posts\/43032\/revisions\/43034"}],"wp:featuredmedia":[{"embeddable":true,"href":"https:\/\/www.todoeldia.com\/index.php\/wp-json\/wp\/v2\/media\/43033"}],"wp:attachment":[{"href":"https:\/\/www.todoeldia.com\/index.php\/wp-json\/wp\/v2\/media?parent=43032"}],"wp:term":[{"taxonomy":"category","embeddable":true,"href":"https:\/\/www.todoeldia.com\/index.php\/wp-json\/wp\/v2\/categories?post=43032"},{"taxonomy":"post_tag","embeddable":true,"href":"https:\/\/www.todoeldia.com\/index.php\/wp-json\/wp\/v2\/tags?post=43032"}],"curies":[{"name":"wp","href":"https:\/\/api.w.org\/{rel}","templated":true}]}}