{"id":43035,"date":"2022-08-01T11:42:28","date_gmt":"2022-08-01T14:42:28","guid":{"rendered":"https:\/\/www.todoeldia.com\/?p=43035"},"modified":"2022-08-01T11:42:30","modified_gmt":"2022-08-01T14:42:30","slug":"juzgan-al-conductor-del-tractor-sin-balizas-que-fue-embestido-desde-atras-por-un-remis-donde-murieron-los-dos-ocupantes","status":"publish","type":"post","link":"https:\/\/www.todoeldia.com\/index.php\/2022\/08\/01\/juzgan-al-conductor-del-tractor-sin-balizas-que-fue-embestido-desde-atras-por-un-remis-donde-murieron-los-dos-ocupantes\/","title":{"rendered":"Juzgan al conductor del tractor sin balizas que fue embestido desde atr\u00e1s por un remis donde murieron los dos ocupantes"},"content":{"rendered":"\n<p>Un hombre de 50 a\u00f1os ser\u00e1 juzgado por el delito de homicidio culposo por la conducci\u00f3n imprudente, negligente o antirreglamentaria de un veh\u00edculo con motor, calificado por el n\u00famero de v\u00edctimas fatales.<\/p>\n\n\n\n<p>Fue acusado por un accidente que tuvo lugar el 9 de febrero de este a\u00f1o en la ruta provincial 12, cerca del acceso norte al Bordo. El hombre conduc\u00eda un tractor sin dominio visible que remolcaba cuatro carros de aproximadamente cuatro metros de largo cada uno, sin balizas refractarias y sin luces.<\/p>\n\n\n\n<p>El tractor habr\u00eda sido embestido en la parte trasera por un remis que circulaba por la ruta en el mismo sentido. Tanto el conductor como la mujer que lo acompa\u00f1aba quedaron atrapados en el interior del veh\u00edculo, y perdieron la vida. A esa altura de la ruta no hay iluminaci\u00f3n.<\/p>\n\n\n\n<p>La jueza de Garant\u00edas 8, Claudia Puertas, orden\u00f3 elevar a juicio la causa que se sigue contra el hombre, que continuar\u00e1 su tr\u00e1mite en la Sala V del Tribunal de Juicio.<\/p>\n","protected":false},"excerpt":{"rendered":"<p>Un hombre de 50 a\u00f1os ser\u00e1 juzgado por el delito de homicidio culposo por la conducci\u00f3n imprudente, negligente o antirreglamentaria de un veh\u00edculo con motor, calificado por el n\u00famero de v\u00edctimas fatales. Fue acusado por un accidente que tuvo lugar el 9 de febrero de este a\u00f1o en la ruta provincial 12, cerca del acceso [&hellip;]<\/p>\n","protected":false},"author":2,"featured_media":34262,"comment_status":"open","ping_status":"open","sticky":false,"template":"","format":"standard","meta":{"tdm_status":"","tdm_grid_status":"","_joinchat":[],"footnotes":""},"categories":[63],"tags":[],"class_list":{"0":"post-43035","1":"post","2":"type-post","3":"status-publish","4":"format-standard","5":"has-post-thumbnail","7":"category-policiales"},"amp_enabled":true,"_links":{"self":[{"href":"https:\/\/www.todoeldia.com\/index.php\/wp-json\/wp\/v2\/posts\/43035","targetHints":{"allow":["GET"]}}],"collection":[{"href":"https:\/\/www.todoeldia.com\/index.php\/wp-json\/wp\/v2\/posts"}],"about":[{"href":"https:\/\/www.todoeldia.com\/index.php\/wp-json\/wp\/v2\/types\/post"}],"author":[{"embeddable":true,"href":"https:\/\/www.todoeldia.com\/index.php\/wp-json\/wp\/v2\/users\/2"}],"replies":[{"embeddable":true,"href":"https:\/\/www.todoeldia.com\/index.php\/wp-json\/wp\/v2\/comments?post=43035"}],"version-history":[{"count":1,"href":"https:\/\/www.todoeldia.com\/index.php\/wp-json\/wp\/v2\/posts\/43035\/revisions"}],"predecessor-version":[{"id":43036,"href":"https:\/\/www.todoeldia.com\/index.php\/wp-json\/wp\/v2\/posts\/43035\/revisions\/43036"}],"wp:featuredmedia":[{"embeddable":true,"href":"https:\/\/www.todoeldia.com\/index.php\/wp-json\/wp\/v2\/media\/34262"}],"wp:attachment":[{"href":"https:\/\/www.todoeldia.com\/index.php\/wp-json\/wp\/v2\/media?parent=43035"}],"wp:term":[{"taxonomy":"category","embeddable":true,"href":"https:\/\/www.todoeldia.com\/index.php\/wp-json\/wp\/v2\/categories?post=43035"},{"taxonomy":"post_tag","embeddable":true,"href":"https:\/\/www.todoeldia.com\/index.php\/wp-json\/wp\/v2\/tags?post=43035"}],"curies":[{"name":"wp","href":"https:\/\/api.w.org\/{rel}","templated":true}]}}