{"id":43040,"date":"2022-08-01T12:19:51","date_gmt":"2022-08-01T15:19:51","guid":{"rendered":"https:\/\/www.todoeldia.com\/?p=43040"},"modified":"2022-08-01T12:19:53","modified_gmt":"2022-08-01T15:19:53","slug":"no-habra-colectivos-manana-entre-las-22-y-las-6-del-miercoles","status":"publish","type":"post","link":"https:\/\/www.todoeldia.com\/index.php\/2022\/08\/01\/no-habra-colectivos-manana-entre-las-22-y-las-6-del-miercoles\/","title":{"rendered":"No habr\u00e1 colectivos ma\u00f1ana entre las 22 y las 6 del mi\u00e9rcoles"},"content":{"rendered":"\n<p>La UTA anunci\u00f3 un paro de actividades que regir\u00e1 a partir de las 22 de ma\u00f1ana martes y se extender\u00e1 hasta las 6 hs. del mi\u00e9rcoles.<\/p>\n\n\n\n<p>La medida de fuerza se cumplir\u00e1 en varias provincias por una jornada nacional de protesta.<\/p>\n\n\n\n<p>Los choferes exigen un anticipo de los incrementos acordados en las paritarias y un bono de $25.000.<\/p>\n","protected":false},"excerpt":{"rendered":"<p>La UTA anunci\u00f3 un paro de actividades que regir\u00e1 a partir de las 22 de ma\u00f1ana martes y se extender\u00e1 hasta las 6 hs. del mi\u00e9rcoles. La medida de fuerza se cumplir\u00e1 en varias provincias por una jornada nacional de protesta. Los choferes exigen un anticipo de los incrementos acordados en las paritarias y un [&hellip;]<\/p>\n","protected":false},"author":2,"featured_media":36185,"comment_status":"open","ping_status":"open","sticky":false,"template":"","format":"standard","meta":{"tdm_status":"","tdm_grid_status":"","_joinchat":[],"footnotes":""},"categories":[73],"tags":[],"class_list":{"0":"post-43040","1":"post","2":"type-post","3":"status-publish","4":"format-standard","5":"has-post-thumbnail","7":"category-noticias-general"},"amp_enabled":true,"_links":{"self":[{"href":"https:\/\/www.todoeldia.com\/index.php\/wp-json\/wp\/v2\/posts\/43040","targetHints":{"allow":["GET"]}}],"collection":[{"href":"https:\/\/www.todoeldia.com\/index.php\/wp-json\/wp\/v2\/posts"}],"about":[{"href":"https:\/\/www.todoeldia.com\/index.php\/wp-json\/wp\/v2\/types\/post"}],"author":[{"embeddable":true,"href":"https:\/\/www.todoeldia.com\/index.php\/wp-json\/wp\/v2\/users\/2"}],"replies":[{"embeddable":true,"href":"https:\/\/www.todoeldia.com\/index.php\/wp-json\/wp\/v2\/comments?post=43040"}],"version-history":[{"count":1,"href":"https:\/\/www.todoeldia.com\/index.php\/wp-json\/wp\/v2\/posts\/43040\/revisions"}],"predecessor-version":[{"id":43041,"href":"https:\/\/www.todoeldia.com\/index.php\/wp-json\/wp\/v2\/posts\/43040\/revisions\/43041"}],"wp:featuredmedia":[{"embeddable":true,"href":"https:\/\/www.todoeldia.com\/index.php\/wp-json\/wp\/v2\/media\/36185"}],"wp:attachment":[{"href":"https:\/\/www.todoeldia.com\/index.php\/wp-json\/wp\/v2\/media?parent=43040"}],"wp:term":[{"taxonomy":"category","embeddable":true,"href":"https:\/\/www.todoeldia.com\/index.php\/wp-json\/wp\/v2\/categories?post=43040"},{"taxonomy":"post_tag","embeddable":true,"href":"https:\/\/www.todoeldia.com\/index.php\/wp-json\/wp\/v2\/tags?post=43040"}],"curies":[{"name":"wp","href":"https:\/\/api.w.org\/{rel}","templated":true}]}}