{"id":43063,"date":"2022-08-01T14:48:02","date_gmt":"2022-08-01T17:48:02","guid":{"rendered":"https:\/\/www.todoeldia.com\/?p=43063"},"modified":"2022-08-01T14:48:03","modified_gmt":"2022-08-01T17:48:03","slug":"saenz-confirmo-que-las-elecciones-provinciales-seran-en-abril-o-mayo","status":"publish","type":"post","link":"https:\/\/www.todoeldia.com\/index.php\/2022\/08\/01\/saenz-confirmo-que-las-elecciones-provinciales-seran-en-abril-o-mayo\/","title":{"rendered":"S\u00e1enz confirm\u00f3 que las elecciones provinciales ser\u00e1n en abril o mayo"},"content":{"rendered":"\n<p>El gobernador de la provincia, Gustavo S\u00e1enz anticip\u00f3 que ya est\u00e1 tomada la decisi\u00f3n de separar las elecciones provinciales con las nacionales y que los comicios se har\u00edan en Salta en abril o mayo.<\/p>\n\n\n\n<p>De esta manera como se viene haciendo en Salta ya desde hace tiempo se desdoblar\u00e1n los comicios para evitar juntarlos con la elecci\u00f3n del Presidente y legisladores nacionales.<\/p>\n\n\n\n<p>Al referirse a la eliminaci\u00f3n de las PASO dijo que ese tema no est\u00e1 en la agenda de la gente porque esperando que le resuelvan los problemas de inflaci\u00f3n y desocupaci\u00f3n.<\/p>\n\n\n\n<p>De todas maneras, dijo que ese tema lo resolver\u00e1n los legisladores y anticipando ya una decisi\u00f3n adelant\u00f3 que San Juan y Catamarca la eliminaron.<\/p>\n","protected":false},"excerpt":{"rendered":"<p>El gobernador de la provincia, Gustavo S\u00e1enz anticip\u00f3 que ya est\u00e1 tomada la decisi\u00f3n de separar las elecciones provinciales con las nacionales y que los comicios se har\u00edan en Salta en abril o mayo. De esta manera como se viene haciendo en Salta ya desde hace tiempo se desdoblar\u00e1n los comicios para evitar juntarlos con [&hellip;]<\/p>\n","protected":false},"author":2,"featured_media":25259,"comment_status":"open","ping_status":"open","sticky":false,"template":"","format":"standard","meta":{"tdm_status":"","tdm_grid_status":"","_joinchat":[],"footnotes":""},"categories":[59],"tags":[],"class_list":{"0":"post-43063","1":"post","2":"type-post","3":"status-publish","4":"format-standard","5":"has-post-thumbnail","7":"category-politica"},"amp_enabled":true,"_links":{"self":[{"href":"https:\/\/www.todoeldia.com\/index.php\/wp-json\/wp\/v2\/posts\/43063","targetHints":{"allow":["GET"]}}],"collection":[{"href":"https:\/\/www.todoeldia.com\/index.php\/wp-json\/wp\/v2\/posts"}],"about":[{"href":"https:\/\/www.todoeldia.com\/index.php\/wp-json\/wp\/v2\/types\/post"}],"author":[{"embeddable":true,"href":"https:\/\/www.todoeldia.com\/index.php\/wp-json\/wp\/v2\/users\/2"}],"replies":[{"embeddable":true,"href":"https:\/\/www.todoeldia.com\/index.php\/wp-json\/wp\/v2\/comments?post=43063"}],"version-history":[{"count":1,"href":"https:\/\/www.todoeldia.com\/index.php\/wp-json\/wp\/v2\/posts\/43063\/revisions"}],"predecessor-version":[{"id":43064,"href":"https:\/\/www.todoeldia.com\/index.php\/wp-json\/wp\/v2\/posts\/43063\/revisions\/43064"}],"wp:featuredmedia":[{"embeddable":true,"href":"https:\/\/www.todoeldia.com\/index.php\/wp-json\/wp\/v2\/media\/25259"}],"wp:attachment":[{"href":"https:\/\/www.todoeldia.com\/index.php\/wp-json\/wp\/v2\/media?parent=43063"}],"wp:term":[{"taxonomy":"category","embeddable":true,"href":"https:\/\/www.todoeldia.com\/index.php\/wp-json\/wp\/v2\/categories?post=43063"},{"taxonomy":"post_tag","embeddable":true,"href":"https:\/\/www.todoeldia.com\/index.php\/wp-json\/wp\/v2\/tags?post=43063"}],"curies":[{"name":"wp","href":"https:\/\/api.w.org\/{rel}","templated":true}]}}