{"id":43097,"date":"2022-08-02T12:00:24","date_gmt":"2022-08-02T15:00:24","guid":{"rendered":"https:\/\/www.todoeldia.com\/?p=43097"},"modified":"2022-08-02T12:00:29","modified_gmt":"2022-08-02T15:00:29","slug":"cayo-un-cuarto-implicado-en-el-robo-a-la-joyeria-de-la-galeria-continental","status":"publish","type":"post","link":"https:\/\/www.todoeldia.com\/index.php\/2022\/08\/02\/cayo-un-cuarto-implicado-en-el-robo-a-la-joyeria-de-la-galeria-continental\/","title":{"rendered":"Cay\u00f3 un cuarto implicado en el robo a la joyer\u00eda de la galer\u00eda Continental"},"content":{"rendered":"\n<p>En el marco de las tareas investigativas llevadas adelante por la Unidad de Robos y Hurtos, se logr\u00f3 la detenci\u00f3n de un hombre que estar\u00eda involucrado en el robo a una joyer\u00eda ubicada en la galer\u00eda Continental.<\/p>\n\n\n\n<p>Por el hecho ya se encuentran involucrados dos hombres de 25&nbsp; y 24 a\u00f1os y una mujer de 26 a\u00f1os.<\/p>\n\n\n\n<p>La fiscal penal de la Unidad de Robos y Hurtos, Mar\u00eda Eugenia Guzm\u00e1n, imput\u00f3 en forma provisional a un hombre de 23 a\u00f1os por el delito de robo calificado por ser cometido en poblado y en banda en calidad de coautor.<\/p>\n\n\n\n<figure class=\"wp-block-image size-full is-resized\"><img loading=\"lazy\" decoding=\"async\" src=\"https:\/\/www.todoeldia.com\/wp-content\/uploads\/2022\/08\/image-9.png\" alt=\"\" class=\"wp-image-43099\" width=\"916\" height=\"946\"\/><\/figure>\n\n\n\n<p>El hecho investigado ocurri\u00f3 el pasado 8 de enero, cuando personas desconocidas ingresaron violentamente a una galer\u00eda comercial de la zona centro de la ciudad de Salta para sustraer desde una joyer\u00eda que all\u00ed funcionaba, diversos bienes de valor, entre los que se cuenta mercader\u00eda valuada en varios millones de pesos.<\/p>\n\n\n\n<p>En las \u00faltimas horas, se logr\u00f3 la detenci\u00f3n de un cuarto sospechoso de haber participado del il\u00edcito, a partir del an\u00e1lisis de comunicaciones y dispositivos electr\u00f3nicos del investigado, que lo ubican en el lugar del hecho. Al momento de la detenci\u00f3n, se lograron secuestrar importantes elementos de inter\u00e9s para la causa.<\/p>\n\n\n\n<p>El acusado, acompa\u00f1ado de un abogado particular, se abstuvo de declarar y desde la Fiscal\u00eda se solicit\u00f3 al Juzgado de Garant\u00edas 1 del distrito Centro, que se mantenga su detenci\u00f3n.<\/p>\n\n\n\n<p>Cabe recordar que inicialmente y tras los allanamientos a cinco domicilios vinculados a los investigados, se logr\u00f3 la detenci\u00f3n e imputaci\u00f3n de un hombre de 24 a\u00f1os y una mujer de 26 a\u00f1os y el secuestro de numerosos elementos de inter\u00e9s para la causa, entre los que se cuenta joyas reconocidas por la v\u00edctima, dinero en efectivo, veh\u00edculos, motocicletas y bicicletas, entre otros y en forma posterior, se logr\u00f3 detener en barrio Palermo de la ciudad de Salta, a un hombre de 35 a\u00f1os como un tercer implicado en la causa.<\/p>\n","protected":false},"excerpt":{"rendered":"<p>En el marco de las tareas investigativas llevadas adelante por la Unidad de Robos y Hurtos, se logr\u00f3 la detenci\u00f3n de un hombre que estar\u00eda involucrado en el robo a una joyer\u00eda ubicada en la galer\u00eda Continental. Por el hecho ya se encuentran involucrados dos hombres de 25&nbsp; y 24 a\u00f1os y una mujer de [&hellip;]<\/p>\n","protected":false},"author":2,"featured_media":43098,"comment_status":"open","ping_status":"open","sticky":false,"template":"","format":"standard","meta":{"tdm_status":"","tdm_grid_status":"","_joinchat":[],"footnotes":""},"categories":[63],"tags":[],"class_list":{"0":"post-43097","1":"post","2":"type-post","3":"status-publish","4":"format-standard","5":"has-post-thumbnail","7":"category-policiales"},"amp_enabled":true,"_links":{"self":[{"href":"https:\/\/www.todoeldia.com\/index.php\/wp-json\/wp\/v2\/posts\/43097","targetHints":{"allow":["GET"]}}],"collection":[{"href":"https:\/\/www.todoeldia.com\/index.php\/wp-json\/wp\/v2\/posts"}],"about":[{"href":"https:\/\/www.todoeldia.com\/index.php\/wp-json\/wp\/v2\/types\/post"}],"author":[{"embeddable":true,"href":"https:\/\/www.todoeldia.com\/index.php\/wp-json\/wp\/v2\/users\/2"}],"replies":[{"embeddable":true,"href":"https:\/\/www.todoeldia.com\/index.php\/wp-json\/wp\/v2\/comments?post=43097"}],"version-history":[{"count":1,"href":"https:\/\/www.todoeldia.com\/index.php\/wp-json\/wp\/v2\/posts\/43097\/revisions"}],"predecessor-version":[{"id":43100,"href":"https:\/\/www.todoeldia.com\/index.php\/wp-json\/wp\/v2\/posts\/43097\/revisions\/43100"}],"wp:featuredmedia":[{"embeddable":true,"href":"https:\/\/www.todoeldia.com\/index.php\/wp-json\/wp\/v2\/media\/43098"}],"wp:attachment":[{"href":"https:\/\/www.todoeldia.com\/index.php\/wp-json\/wp\/v2\/media?parent=43097"}],"wp:term":[{"taxonomy":"category","embeddable":true,"href":"https:\/\/www.todoeldia.com\/index.php\/wp-json\/wp\/v2\/categories?post=43097"},{"taxonomy":"post_tag","embeddable":true,"href":"https:\/\/www.todoeldia.com\/index.php\/wp-json\/wp\/v2\/tags?post=43097"}],"curies":[{"name":"wp","href":"https:\/\/api.w.org\/{rel}","templated":true}]}}