{"id":43106,"date":"2022-08-02T12:25:38","date_gmt":"2022-08-02T15:25:38","guid":{"rendered":"https:\/\/www.todoeldia.com\/?p=43106"},"modified":"2022-08-02T12:25:39","modified_gmt":"2022-08-02T15:25:39","slug":"imputaron-a-los-cuatro-detenidos-por-asesinar-al-amigo-con-el-cual-estaban-bebiendo-en-morillo","status":"publish","type":"post","link":"https:\/\/www.todoeldia.com\/index.php\/2022\/08\/02\/imputaron-a-los-cuatro-detenidos-por-asesinar-al-amigo-con-el-cual-estaban-bebiendo-en-morillo\/","title":{"rendered":"Imputaron a los cuatro detenidos por asesinar al amigo con el cual estaban bebiendo en Morillo"},"content":{"rendered":"\n<p>Un mayor y tres menores fueron imputados por un hecho ocurrido el pasado s\u00e1bado en esa localidad, donde un hombre de 30 a\u00f1os falleci\u00f3 luego de ser golpeado y lesionado con un arma blanca en inmediaciones de Misi\u00f3n La Cortada. Se solicit\u00f3 que se mantenga su detenci\u00f3n.<\/p>\n\n\n\n<p>El fiscal penal de la Unidad de Graves Atentados contra las Personas de Tartagal, Gonzalo Vega, imput\u00f3 en forma provisional a un hombre de 30 a\u00f1os y tres menores de edad por el delito de homicidio simple en perjuicio de un de un hombre de 30 a\u00f1os, ocurrido el pasado s\u00e1bado en la localidad de Coronel Juan Sol\u00e1.<\/p>\n\n\n\n<p>Seg\u00fan consta en las actuaciones, un hombre de 30 a\u00f1os fue encontrado sin vida en la v\u00eda p\u00fablica, en inmediaciones de Misi\u00f3n La Cortada y de las primeras tareas investigativas, se pudo determinar que particip\u00f3 de una reuni\u00f3n con ingesta alcoh\u00f3lica con otras personas y por razones que se tratan de establecer, se origin\u00f3 una gresca en la que recibi\u00f3 golpes y lesiones de arma blanca, que le ocasionaron la muerte.<\/p>\n\n\n\n<p>Los acusados, acompa\u00f1ados de un defensor oficial, se abstuvieron de declarar y desde la Fiscal\u00eda se solicit\u00f3 que se mantenga la detenci\u00f3n del mayor y el alojamiento preventivo de los otros tres imputados en el Centro de Menores en conflicto con la ley Penal.<\/p>\n\n\n\n<p>En la audiencia de imputaci\u00f3n tambi\u00e9n estuvo presente el Asesor de Menor e Incapaces de Tartagal, en representaci\u00f3n de los acusados menores de edad.<\/p>\n","protected":false},"excerpt":{"rendered":"<p>Un mayor y tres menores fueron imputados por un hecho ocurrido el pasado s\u00e1bado en esa localidad, donde un hombre de 30 a\u00f1os falleci\u00f3 luego de ser golpeado y lesionado con un arma blanca en inmediaciones de Misi\u00f3n La Cortada. Se solicit\u00f3 que se mantenga su detenci\u00f3n. El fiscal penal de la Unidad de Graves [&hellip;]<\/p>\n","protected":false},"author":2,"featured_media":43108,"comment_status":"open","ping_status":"open","sticky":false,"template":"","format":"standard","meta":{"tdm_status":"","tdm_grid_status":"","_joinchat":[],"footnotes":""},"categories":[63],"tags":[],"class_list":{"0":"post-43106","1":"post","2":"type-post","3":"status-publish","4":"format-standard","5":"has-post-thumbnail","7":"category-policiales"},"amp_enabled":true,"_links":{"self":[{"href":"https:\/\/www.todoeldia.com\/index.php\/wp-json\/wp\/v2\/posts\/43106","targetHints":{"allow":["GET"]}}],"collection":[{"href":"https:\/\/www.todoeldia.com\/index.php\/wp-json\/wp\/v2\/posts"}],"about":[{"href":"https:\/\/www.todoeldia.com\/index.php\/wp-json\/wp\/v2\/types\/post"}],"author":[{"embeddable":true,"href":"https:\/\/www.todoeldia.com\/index.php\/wp-json\/wp\/v2\/users\/2"}],"replies":[{"embeddable":true,"href":"https:\/\/www.todoeldia.com\/index.php\/wp-json\/wp\/v2\/comments?post=43106"}],"version-history":[{"count":1,"href":"https:\/\/www.todoeldia.com\/index.php\/wp-json\/wp\/v2\/posts\/43106\/revisions"}],"predecessor-version":[{"id":43109,"href":"https:\/\/www.todoeldia.com\/index.php\/wp-json\/wp\/v2\/posts\/43106\/revisions\/43109"}],"wp:featuredmedia":[{"embeddable":true,"href":"https:\/\/www.todoeldia.com\/index.php\/wp-json\/wp\/v2\/media\/43108"}],"wp:attachment":[{"href":"https:\/\/www.todoeldia.com\/index.php\/wp-json\/wp\/v2\/media?parent=43106"}],"wp:term":[{"taxonomy":"category","embeddable":true,"href":"https:\/\/www.todoeldia.com\/index.php\/wp-json\/wp\/v2\/categories?post=43106"},{"taxonomy":"post_tag","embeddable":true,"href":"https:\/\/www.todoeldia.com\/index.php\/wp-json\/wp\/v2\/tags?post=43106"}],"curies":[{"name":"wp","href":"https:\/\/api.w.org\/{rel}","templated":true}]}}