{"id":43153,"date":"2022-08-03T10:41:00","date_gmt":"2022-08-03T13:41:00","guid":{"rendered":"https:\/\/www.todoeldia.com\/?p=43153"},"modified":"2022-08-03T10:41:03","modified_gmt":"2022-08-03T13:41:03","slug":"un-omnibus-mato-a-un-trabajador-rural-en-la-ruta-50-en-oran","status":"publish","type":"post","link":"https:\/\/www.todoeldia.com\/index.php\/2022\/08\/03\/un-omnibus-mato-a-un-trabajador-rural-en-la-ruta-50-en-oran\/","title":{"rendered":"Un \u00f3mnibus mat\u00f3 a un trabajador rural en la ruta 50 en Or\u00e1n"},"content":{"rendered":"\n<p>Tr\u00e1gica ma\u00f1ana de mi\u00e9rcoles en Or\u00e1n con la muerte de un obrero rural que al bajar de un colectivo e intentar cruzar la ruta 50 a la altura de la zona industrial fue embestido por un \u00f3mnibus que hacia un tour de compra.<\/p>\n\n\n\n<figure class=\"wp-block-image size-full is-resized\"><img loading=\"lazy\" decoding=\"async\" src=\"https:\/\/www.todoeldia.com\/wp-content\/uploads\/2022\/08\/trabajador-muerto-en-oran-1.jpg\" alt=\"\" class=\"wp-image-43156\" width=\"1061\" height=\"542\"\/><\/figure>\n\n\n\n<p>Frente a calle Dorrego zona del barrio Caballito fue cortada la circulaci\u00f3n por el asfalto de la Ruta nacional 50, trabajando peritos de la polic\u00eda y por lo que se improvis\u00f3 un desv\u00edo para los veh\u00edculos.<\/p>\n\n\n\n<p>La v\u00edctima fatal era un trabajador de la zona de fincas que regresaba a su casa.<\/p>\n\n\n\n<figure class=\"wp-block-image size-full is-resized\"><img loading=\"lazy\" decoding=\"async\" src=\"https:\/\/www.todoeldia.com\/wp-content\/uploads\/2022\/08\/muerte-en-la-ruta-50.jpg\" alt=\"\" class=\"wp-image-43157\" width=\"555\" height=\"614\"\/><\/figure>\n\n\n\n<p>Descendi\u00f3 del \u00f3mnibus de transporte sobre el lado del ca\u00f1averal y al querer cruzar la ruta 50 para la zona urbana fue atropellado por un colectivo de larga distancia que ven\u00eda desde Aguas Blancas a ciudad de Or\u00e1n.<\/p>\n","protected":false},"excerpt":{"rendered":"<p>Tr\u00e1gica ma\u00f1ana de mi\u00e9rcoles en Or\u00e1n con la muerte de un obrero rural que al bajar de un colectivo e intentar cruzar la ruta 50 a la altura de la zona industrial fue embestido por un \u00f3mnibus que hacia un tour de compra. Frente a calle Dorrego zona del barrio Caballito fue cortada la circulaci\u00f3n [&hellip;]<\/p>\n","protected":false},"author":2,"featured_media":43154,"comment_status":"open","ping_status":"open","sticky":false,"template":"","format":"standard","meta":{"tdm_status":"","tdm_grid_status":"","_joinchat":[],"footnotes":""},"categories":[63],"tags":[],"class_list":{"0":"post-43153","1":"post","2":"type-post","3":"status-publish","4":"format-standard","5":"has-post-thumbnail","7":"category-policiales"},"amp_enabled":true,"_links":{"self":[{"href":"https:\/\/www.todoeldia.com\/index.php\/wp-json\/wp\/v2\/posts\/43153","targetHints":{"allow":["GET"]}}],"collection":[{"href":"https:\/\/www.todoeldia.com\/index.php\/wp-json\/wp\/v2\/posts"}],"about":[{"href":"https:\/\/www.todoeldia.com\/index.php\/wp-json\/wp\/v2\/types\/post"}],"author":[{"embeddable":true,"href":"https:\/\/www.todoeldia.com\/index.php\/wp-json\/wp\/v2\/users\/2"}],"replies":[{"embeddable":true,"href":"https:\/\/www.todoeldia.com\/index.php\/wp-json\/wp\/v2\/comments?post=43153"}],"version-history":[{"count":1,"href":"https:\/\/www.todoeldia.com\/index.php\/wp-json\/wp\/v2\/posts\/43153\/revisions"}],"predecessor-version":[{"id":43158,"href":"https:\/\/www.todoeldia.com\/index.php\/wp-json\/wp\/v2\/posts\/43153\/revisions\/43158"}],"wp:featuredmedia":[{"embeddable":true,"href":"https:\/\/www.todoeldia.com\/index.php\/wp-json\/wp\/v2\/media\/43154"}],"wp:attachment":[{"href":"https:\/\/www.todoeldia.com\/index.php\/wp-json\/wp\/v2\/media?parent=43153"}],"wp:term":[{"taxonomy":"category","embeddable":true,"href":"https:\/\/www.todoeldia.com\/index.php\/wp-json\/wp\/v2\/categories?post=43153"},{"taxonomy":"post_tag","embeddable":true,"href":"https:\/\/www.todoeldia.com\/index.php\/wp-json\/wp\/v2\/tags?post=43153"}],"curies":[{"name":"wp","href":"https:\/\/api.w.org\/{rel}","templated":true}]}}