{"id":43165,"date":"2022-08-03T11:26:30","date_gmt":"2022-08-03T14:26:30","guid":{"rendered":"https:\/\/www.todoeldia.com\/?p=43165"},"modified":"2022-08-03T11:26:31","modified_gmt":"2022-08-03T14:26:31","slug":"detienen-esta-madrugada-a-dos-roba-coches","status":"publish","type":"post","link":"https:\/\/www.todoeldia.com\/index.php\/2022\/08\/03\/detienen-esta-madrugada-a-dos-roba-coches\/","title":{"rendered":"Detienen esta madrugada a dos roba coches"},"content":{"rendered":"\n<p>Esta madrugada personal policial que realizaba patrullaje preventivo en el macrocentro logr\u00f3 la aprehensi\u00f3n de dos hombres que momentos antes habr\u00edan violentado un veh\u00edculo en avenida Belgrano y Adolfo G\u00fcemes.<\/p>\n\n\n\n<p>Pasadas las 04 de hoy, efectivos de la Comisar\u00eda N\u00b0 5 que realizaban patrullaje preventivo por intersecci\u00f3n de avenida Belgrano y Jun\u00edn, observaron la presencia de dos personas en actitud sospechosa que trasladaban diversos elementos, por lo que fueron interceptados e identificados.<\/p>\n\n\n\n<p>Al momento de la entrevista, los sujetos no pudieron justificar la procedencia de los elementos que llevaban: una rueda de auxilio, kit de emergencia, un matafuego, entre otros, por lo que se procedi\u00f3 a la demora de los mismos.<\/p>\n\n\n\n<p>A posterior, se constat\u00f3 la presencia de un veh\u00edculo tipo utilitario que se encontraba estacionado en Belgrano y Adolfo G\u00fcemes que habr\u00eda sido violentado. Se invit\u00f3 al damnificado, un hombre de 24 a\u00f1os, a radicar la denuncia.<\/p>\n\n\n\n<p>Los demorados, dos hombres de 22 y 26 a\u00f1os, quedaron junto al secuestro a disposici\u00f3n del magistrado interviniente.<\/p>\n","protected":false},"excerpt":{"rendered":"<p>Esta madrugada personal policial que realizaba patrullaje preventivo en el macrocentro logr\u00f3 la aprehensi\u00f3n de dos hombres que momentos antes habr\u00edan violentado un veh\u00edculo en avenida Belgrano y Adolfo G\u00fcemes. Pasadas las 04 de hoy, efectivos de la Comisar\u00eda N\u00b0 5 que realizaban patrullaje preventivo por intersecci\u00f3n de avenida Belgrano y Jun\u00edn, observaron la presencia [&hellip;]<\/p>\n","protected":false},"author":2,"featured_media":43166,"comment_status":"open","ping_status":"open","sticky":false,"template":"","format":"standard","meta":{"tdm_status":"","tdm_grid_status":"","_joinchat":[],"footnotes":""},"categories":[63],"tags":[],"class_list":{"0":"post-43165","1":"post","2":"type-post","3":"status-publish","4":"format-standard","5":"has-post-thumbnail","7":"category-policiales"},"amp_enabled":true,"_links":{"self":[{"href":"https:\/\/www.todoeldia.com\/index.php\/wp-json\/wp\/v2\/posts\/43165","targetHints":{"allow":["GET"]}}],"collection":[{"href":"https:\/\/www.todoeldia.com\/index.php\/wp-json\/wp\/v2\/posts"}],"about":[{"href":"https:\/\/www.todoeldia.com\/index.php\/wp-json\/wp\/v2\/types\/post"}],"author":[{"embeddable":true,"href":"https:\/\/www.todoeldia.com\/index.php\/wp-json\/wp\/v2\/users\/2"}],"replies":[{"embeddable":true,"href":"https:\/\/www.todoeldia.com\/index.php\/wp-json\/wp\/v2\/comments?post=43165"}],"version-history":[{"count":1,"href":"https:\/\/www.todoeldia.com\/index.php\/wp-json\/wp\/v2\/posts\/43165\/revisions"}],"predecessor-version":[{"id":43167,"href":"https:\/\/www.todoeldia.com\/index.php\/wp-json\/wp\/v2\/posts\/43165\/revisions\/43167"}],"wp:featuredmedia":[{"embeddable":true,"href":"https:\/\/www.todoeldia.com\/index.php\/wp-json\/wp\/v2\/media\/43166"}],"wp:attachment":[{"href":"https:\/\/www.todoeldia.com\/index.php\/wp-json\/wp\/v2\/media?parent=43165"}],"wp:term":[{"taxonomy":"category","embeddable":true,"href":"https:\/\/www.todoeldia.com\/index.php\/wp-json\/wp\/v2\/categories?post=43165"},{"taxonomy":"post_tag","embeddable":true,"href":"https:\/\/www.todoeldia.com\/index.php\/wp-json\/wp\/v2\/tags?post=43165"}],"curies":[{"name":"wp","href":"https:\/\/api.w.org\/{rel}","templated":true}]}}