{"id":43168,"date":"2022-08-03T12:24:54","date_gmt":"2022-08-03T15:24:54","guid":{"rendered":"https:\/\/www.todoeldia.com\/?p=43168"},"modified":"2022-08-03T12:24:55","modified_gmt":"2022-08-03T15:24:55","slug":"la-rotura-de-un-dique-de-una-minera-de-plata-en-potosi-contaminara-el-pilcomayo-en-santa-victoria","status":"publish","type":"post","link":"https:\/\/www.todoeldia.com\/index.php\/2022\/08\/03\/la-rotura-de-un-dique-de-una-minera-de-plata-en-potosi-contaminara-el-pilcomayo-en-santa-victoria\/","title":{"rendered":"La rotura de un dique de una minera de plata en Potos\u00ed contaminar\u00e1 el Pilcomayo en Santa Victoria"},"content":{"rendered":"\n<p>La rotura del dique de colas o residuos mineros ocurrida el fin de semana pasado en el departamento boliviano de Potos\u00ed (suroeste) amenaza con afectaciones graves de contaminaci\u00f3n a regiones del sur boliviano, en particular al r\u00edo Pilcomayo que atraviesa Bolivia, Argentina y Paraguay.<\/p>\n\n\n\n<p>&#8220;Hemos pedido de emergencia a la gobernaci\u00f3n de Potos\u00ed y al Gobierno central, que tienen sus instancias sobre el medio ambiente, realicen un estudio urgente de impacto ambiental sobre el da\u00f1o causado por la rotura del dique de colas&#8221;, expres\u00f3 a Xinhua el concejal concejal municipal de Potosi, Henry L\u00f3pez.<\/p>\n\n\n\n<figure class=\"wp-block-image size-full\"><img loading=\"lazy\" decoding=\"async\" width=\"980\" height=\"441\" src=\"https:\/\/www.todoeldia.com\/wp-content\/uploads\/2022\/08\/contaminacion-pilcomayo1.jpg\" alt=\"\" class=\"wp-image-43170\" srcset=\"https:\/\/www.todoeldia.com\/wp-content\/uploads\/2022\/08\/contaminacion-pilcomayo1.jpg 980w, https:\/\/www.todoeldia.com\/wp-content\/uploads\/2022\/08\/contaminacion-pilcomayo1-300x135.jpg 300w, https:\/\/www.todoeldia.com\/wp-content\/uploads\/2022\/08\/contaminacion-pilcomayo1-768x346.jpg 768w, https:\/\/www.todoeldia.com\/wp-content\/uploads\/2022\/08\/contaminacion-pilcomayo1-696x313.jpg 696w, https:\/\/www.todoeldia.com\/wp-content\/uploads\/2022\/08\/contaminacion-pilcomayo1-933x420.jpg 933w\" sizes=\"auto, (max-width: 980px) 100vw, 980px\" \/><\/figure>\n\n\n\n<p>El colapso de uno de los taludes del dique de colas de la Federaci\u00f3n Departamental de Cooperativas Mineras (Fedecomin) de Potos\u00ed se registr\u00f3 el pasado 23 de julio, lo que gener\u00f3 que una masa de lodo con minerales no recuperados y elementos qu\u00edmicos llegara al r\u00edo de la Rivera, as\u00ed como a la quebrada de Tarapaya, que se conecta con el r\u00edo Pilcomayo.<\/p>\n\n\n\n<p>&#8220;El riesgo es que adem\u00e1s de afectar a comunidades rurales tambi\u00e9n tenga impacto en el r\u00edo Pilcomayo&#8221;, sostuvo L\u00f3pez.<\/p>\n\n\n\n<figure class=\"wp-block-image size-large\"><img loading=\"lazy\" decoding=\"async\" width=\"576\" height=\"1024\" src=\"https:\/\/www.todoeldia.com\/wp-content\/uploads\/2022\/08\/image-10-576x1024.png\" alt=\"\" class=\"wp-image-43171\" srcset=\"https:\/\/www.todoeldia.com\/wp-content\/uploads\/2022\/08\/image-10-576x1024.png 576w, https:\/\/www.todoeldia.com\/wp-content\/uploads\/2022\/08\/image-10-169x300.png 169w, https:\/\/www.todoeldia.com\/wp-content\/uploads\/2022\/08\/image-10-768x1365.png 768w, https:\/\/www.todoeldia.com\/wp-content\/uploads\/2022\/08\/image-10-864x1536.png 864w, https:\/\/www.todoeldia.com\/wp-content\/uploads\/2022\/08\/image-10-300x533.png 300w, https:\/\/www.todoeldia.com\/wp-content\/uploads\/2022\/08\/image-10-696x1237.png 696w, https:\/\/www.todoeldia.com\/wp-content\/uploads\/2022\/08\/image-10-236x420.png 236w, https:\/\/www.todoeldia.com\/wp-content\/uploads\/2022\/08\/image-10.png 980w\" sizes=\"auto, (max-width: 576px) 100vw, 576px\" \/><\/figure>\n\n\n\n<p>Fotograf\u00edas y videos difundidos en redes sociales y la prensa local muestran el Pilcomayo y poblaciones aleda\u00f1as del vecino departamento de Chuquisaca (sur), con presencia de material plomizo, que al parecer sali\u00f3 del dique de residuos mineros.<\/p>\n\n\n\n<p>La Fiscal\u00eda de Potos\u00ed ya inici\u00f3 las investigaciones correspondientes por da\u00f1o ambiental debido a la ruptura del dique de colas, que tambi\u00e9n acopia desechos de otras mineras de la regi\u00f3n.<\/p>\n\n\n\n<p>La fiscal Roxana Choque expuso a periodistas que el proceso fue abierto de oficio contra el presunto responsable o responsables del derrame, adem\u00e1s de tomarse muestras de agua para determinar posibles afectaciones al medio ambiente.<\/p>\n\n\n\n<p>En redes sociales se ha difundido tambi\u00e9n que el agua contaminada ya habr\u00eda llegado al r\u00edo Pilcomayo, por lo que la gobernaci\u00f3n de Chuquisaca alista una demanda por presuntos delitos ambientales en contra de la Fedecomin de Potos\u00ed.<\/p>\n\n\n\n<p>Un equipo multidisciplinario compuesto por t\u00e9cnicos de los municipios de Yotala (Chuquisaca) y Tacobamba (Potos\u00ed) han tomado muestras en la zona para determinar el grado de contaminaci\u00f3n.<\/p>\n","protected":false},"excerpt":{"rendered":"<p>La rotura del dique de colas o residuos mineros ocurrida el fin de semana pasado en el departamento boliviano de Potos\u00ed (suroeste) amenaza con afectaciones graves de contaminaci\u00f3n a regiones del sur boliviano, en particular al r\u00edo Pilcomayo que atraviesa Bolivia, Argentina y Paraguay. &#8220;Hemos pedido de emergencia a la gobernaci\u00f3n de Potos\u00ed y al [&hellip;]<\/p>\n","protected":false},"author":2,"featured_media":43169,"comment_status":"open","ping_status":"open","sticky":false,"template":"","format":"standard","meta":{"tdm_status":"","tdm_grid_status":"","_joinchat":[],"footnotes":""},"categories":[73],"tags":[],"class_list":{"0":"post-43168","1":"post","2":"type-post","3":"status-publish","4":"format-standard","5":"has-post-thumbnail","7":"category-noticias-general"},"amp_enabled":true,"_links":{"self":[{"href":"https:\/\/www.todoeldia.com\/index.php\/wp-json\/wp\/v2\/posts\/43168","targetHints":{"allow":["GET"]}}],"collection":[{"href":"https:\/\/www.todoeldia.com\/index.php\/wp-json\/wp\/v2\/posts"}],"about":[{"href":"https:\/\/www.todoeldia.com\/index.php\/wp-json\/wp\/v2\/types\/post"}],"author":[{"embeddable":true,"href":"https:\/\/www.todoeldia.com\/index.php\/wp-json\/wp\/v2\/users\/2"}],"replies":[{"embeddable":true,"href":"https:\/\/www.todoeldia.com\/index.php\/wp-json\/wp\/v2\/comments?post=43168"}],"version-history":[{"count":1,"href":"https:\/\/www.todoeldia.com\/index.php\/wp-json\/wp\/v2\/posts\/43168\/revisions"}],"predecessor-version":[{"id":43172,"href":"https:\/\/www.todoeldia.com\/index.php\/wp-json\/wp\/v2\/posts\/43168\/revisions\/43172"}],"wp:featuredmedia":[{"embeddable":true,"href":"https:\/\/www.todoeldia.com\/index.php\/wp-json\/wp\/v2\/media\/43169"}],"wp:attachment":[{"href":"https:\/\/www.todoeldia.com\/index.php\/wp-json\/wp\/v2\/media?parent=43168"}],"wp:term":[{"taxonomy":"category","embeddable":true,"href":"https:\/\/www.todoeldia.com\/index.php\/wp-json\/wp\/v2\/categories?post=43168"},{"taxonomy":"post_tag","embeddable":true,"href":"https:\/\/www.todoeldia.com\/index.php\/wp-json\/wp\/v2\/tags?post=43168"}],"curies":[{"name":"wp","href":"https:\/\/api.w.org\/{rel}","templated":true}]}}