{"id":43189,"date":"2022-08-03T15:13:33","date_gmt":"2022-08-03T18:13:33","guid":{"rendered":"https:\/\/www.todoeldia.com\/?p=43189"},"modified":"2022-08-03T15:13:35","modified_gmt":"2022-08-03T18:13:35","slug":"marcha-atras-alberto-fernandez-freno-la-fusion-de-dos-ministerios-para-no-ralentizar-la-gestion","status":"publish","type":"post","link":"https:\/\/www.todoeldia.com\/index.php\/2022\/08\/03\/marcha-atras-alberto-fernandez-freno-la-fusion-de-dos-ministerios-para-no-ralentizar-la-gestion\/","title":{"rendered":"Marcha atr\u00e1s: Alberto Fern\u00e1ndez fren\u00f3 la fusi\u00f3n de dos ministerios \u201cpara no ralentizar la gesti\u00f3n\u201d"},"content":{"rendered":"\n<p>Pese a que estaba encaminado el decreto para unificar Obras P\u00fablicas y Transporte, a \u00faltimo momento el Presidente decidi\u00f3 no avanzar con otra reducci\u00f3n en su equipo de ministros.<\/p>\n\n\n\n<p>Pese a que el decreto ya estaba encaminado en la plataforma de Gesti\u00f3n Documental Electr\u00f3nica que se utiliza la Administraci\u00f3n P\u00fablica Nacional, en el nuevo organigrama que deline\u00f3 a partir del desembarco de Sergio Massa, el presidente Alberto Fern\u00e1ndez decidi\u00f3 no avanzar con la fusi\u00f3n de otros dos ministerios &#8220;para no ralentizar la gesti\u00f3n&#8221;.<\/p>\n\n\n\n<p>Se trata de Obras P\u00fablicas, a cargo de Gabriel Katopodis, que iba a absorber a Transporte, conducido por el massista Alexis Guerrera. Ambos mantendr\u00e1n el status de Ministerio.<\/p>\n\n\n\n<p>El jefe de Estado decidi\u00f3 as\u00ed no hacer m\u00e1s retoques al Gabinete, luego de confirmar que Producci\u00f3n y Agricultura pasar\u00e1n a partir de este mi\u00e9rcoles a integrar la nueva estructura que tendr\u00e1 Econom\u00eda a partir de la llegada de Massa.<\/p>\n\n\n\n<p>Si bien durante la semana pasada el Gobierno impuls\u00f3 la unificaci\u00f3n de Transporte con Obras P\u00fablicas, debido a que esa cartera concentra buena parte de la necesidad de nueva infraestructura, durante el fin de semana el Presidente fue alertado del riesgo de que se paralizara la gesti\u00f3n y el impacto que eso podr\u00eda tener en la ejecuci\u00f3n de los programas.<\/p>\n\n\n\n<p>Entre lunes y martes, el jefe de Gabinete, Juan Manzur, y el flamante vicejefe, Juan Manuel Olmos, evaluaron distintas alternativas, pero llegaron a la misma conclusi\u00f3n, por lo que Fern\u00e1ndez desisti\u00f3 en dar otra se\u00f1al de austeridad.<\/p>\n\n\n\n<p>&#8220;Fusionar ministerios ralentiza dos meses los circuitos administrativos y financieros. Y lo \u00fanico que nos falta en este contexto es tener problemas con el Transporte&#8221;, explic\u00f3 a Clar\u00edn una alt\u00edsima fuente del Ejecutivo.<\/p>\n\n\n\n<p>Hay otras voces, sin embargo, que advierten que se trata de un nuevo triunfo de Massa, involucrado en el tema porque desde el inicio de la gesti\u00f3n Transporte estuvo bajo su \u00f3rbita. Primero con el fallecido Mario Meoni, ahora con Guerrera.<\/p>\n","protected":false},"excerpt":{"rendered":"<p>Pese a que estaba encaminado el decreto para unificar Obras P\u00fablicas y Transporte, a \u00faltimo momento el Presidente decidi\u00f3 no avanzar con otra reducci\u00f3n en su equipo de ministros. Pese a que el decreto ya estaba encaminado en la plataforma de Gesti\u00f3n Documental Electr\u00f3nica que se utiliza la Administraci\u00f3n P\u00fablica Nacional, en el nuevo organigrama [&hellip;]<\/p>\n","protected":false},"author":2,"featured_media":43190,"comment_status":"open","ping_status":"open","sticky":false,"template":"","format":"standard","meta":{"tdm_status":"","tdm_grid_status":"","_joinchat":[],"footnotes":""},"categories":[59],"tags":[],"class_list":{"0":"post-43189","1":"post","2":"type-post","3":"status-publish","4":"format-standard","5":"has-post-thumbnail","7":"category-politica"},"amp_enabled":true,"_links":{"self":[{"href":"https:\/\/www.todoeldia.com\/index.php\/wp-json\/wp\/v2\/posts\/43189","targetHints":{"allow":["GET"]}}],"collection":[{"href":"https:\/\/www.todoeldia.com\/index.php\/wp-json\/wp\/v2\/posts"}],"about":[{"href":"https:\/\/www.todoeldia.com\/index.php\/wp-json\/wp\/v2\/types\/post"}],"author":[{"embeddable":true,"href":"https:\/\/www.todoeldia.com\/index.php\/wp-json\/wp\/v2\/users\/2"}],"replies":[{"embeddable":true,"href":"https:\/\/www.todoeldia.com\/index.php\/wp-json\/wp\/v2\/comments?post=43189"}],"version-history":[{"count":1,"href":"https:\/\/www.todoeldia.com\/index.php\/wp-json\/wp\/v2\/posts\/43189\/revisions"}],"predecessor-version":[{"id":43191,"href":"https:\/\/www.todoeldia.com\/index.php\/wp-json\/wp\/v2\/posts\/43189\/revisions\/43191"}],"wp:featuredmedia":[{"embeddable":true,"href":"https:\/\/www.todoeldia.com\/index.php\/wp-json\/wp\/v2\/media\/43190"}],"wp:attachment":[{"href":"https:\/\/www.todoeldia.com\/index.php\/wp-json\/wp\/v2\/media?parent=43189"}],"wp:term":[{"taxonomy":"category","embeddable":true,"href":"https:\/\/www.todoeldia.com\/index.php\/wp-json\/wp\/v2\/categories?post=43189"},{"taxonomy":"post_tag","embeddable":true,"href":"https:\/\/www.todoeldia.com\/index.php\/wp-json\/wp\/v2\/tags?post=43189"}],"curies":[{"name":"wp","href":"https:\/\/api.w.org\/{rel}","templated":true}]}}