{"id":43192,"date":"2022-08-03T15:30:50","date_gmt":"2022-08-03T18:30:50","guid":{"rendered":"https:\/\/www.todoeldia.com\/?p=43192"},"modified":"2022-08-03T15:30:52","modified_gmt":"2022-08-03T18:30:52","slug":"absuelven-a-un-anestesista-de-oran-juzgado-por-la-muerte-de-una-paciente-operada-de-apendicitis","status":"publish","type":"post","link":"https:\/\/www.todoeldia.com\/index.php\/2022\/08\/03\/absuelven-a-un-anestesista-de-oran-juzgado-por-la-muerte-de-una-paciente-operada-de-apendicitis\/","title":{"rendered":"Absuelven a un anestesista de Or\u00e1n juzgado por la muerte de una paciente operada de apendicitis"},"content":{"rendered":"\n<p>El acusado es m\u00e9dico anestesista. Fue llevado a juicio por el fallecimiento de un paciente al que hab\u00eda asistido durante una intervenci\u00f3n quir\u00fargica por apendicitis en un sanatorio de la ciudad de Or\u00e1n.<\/p>\n\n\n\n<p>Surgi\u00f3 de la causa que luego de la cirug\u00eda, la v\u00edctima recuper\u00f3 la conciencia, pero tuvo un da\u00f1o neurol\u00f3gico irreversible que le produjo la muerte en una cl\u00ednica de Salta a la que hab\u00eda sido trasladado.<\/p>\n\n\n\n<p>En sus alegatos, la fiscal\u00eda argument\u00f3 que el acusado era el responsable del da\u00f1o neurol\u00f3gico por efecto de la anestesia colocada al paciente. No obstante, a su turno, la defensa se bas\u00f3 en un informe pericial que hab\u00eda concluido en que el da\u00f1o neurol\u00f3gico no fue producto de la anestesia. Agreg\u00f3 en ese mismo sentido que el Sanatorio hab\u00eda sido denunciado penalmente por adulteraci\u00f3n de la historia cl\u00ednica de la v\u00edctima, causa que a\u00fan contin\u00faa en etapa de investigaci\u00f3n.<\/p>\n\n\n\n<p>La jueza de la Sala II del Tribunal de Juicio de Or\u00e1n, Mar\u00eda Laura Toledo Zamora, absolvi\u00f3 al m\u00e9dico de 57 a\u00f1os por el delito de lesiones grav\u00edsimas culposas, por el que hab\u00eda sido acusado y llevado a juicio, para lo cual hizo aplicaci\u00f3n del beneficio de la duda, conocido tambi\u00e9n como \u201cin dubio pro reo\u201d.<\/p>\n\n\n\n<p>Los fundamentos de la sentencia dictada ser\u00e1n dados a conocer el pr\u00f3ximo martes 9 al mediod\u00eda.<\/p>\n","protected":false},"excerpt":{"rendered":"<p>El acusado es m\u00e9dico anestesista. Fue llevado a juicio por el fallecimiento de un paciente al que hab\u00eda asistido durante una intervenci\u00f3n quir\u00fargica por apendicitis en un sanatorio de la ciudad de Or\u00e1n. Surgi\u00f3 de la causa que luego de la cirug\u00eda, la v\u00edctima recuper\u00f3 la conciencia, pero tuvo un da\u00f1o neurol\u00f3gico irreversible que le [&hellip;]<\/p>\n","protected":false},"author":2,"featured_media":43193,"comment_status":"open","ping_status":"open","sticky":false,"template":"","format":"standard","meta":{"tdm_status":"","tdm_grid_status":"","_joinchat":[],"footnotes":""},"categories":[73],"tags":[],"class_list":{"0":"post-43192","1":"post","2":"type-post","3":"status-publish","4":"format-standard","5":"has-post-thumbnail","7":"category-noticias-general"},"amp_enabled":true,"_links":{"self":[{"href":"https:\/\/www.todoeldia.com\/index.php\/wp-json\/wp\/v2\/posts\/43192","targetHints":{"allow":["GET"]}}],"collection":[{"href":"https:\/\/www.todoeldia.com\/index.php\/wp-json\/wp\/v2\/posts"}],"about":[{"href":"https:\/\/www.todoeldia.com\/index.php\/wp-json\/wp\/v2\/types\/post"}],"author":[{"embeddable":true,"href":"https:\/\/www.todoeldia.com\/index.php\/wp-json\/wp\/v2\/users\/2"}],"replies":[{"embeddable":true,"href":"https:\/\/www.todoeldia.com\/index.php\/wp-json\/wp\/v2\/comments?post=43192"}],"version-history":[{"count":1,"href":"https:\/\/www.todoeldia.com\/index.php\/wp-json\/wp\/v2\/posts\/43192\/revisions"}],"predecessor-version":[{"id":43194,"href":"https:\/\/www.todoeldia.com\/index.php\/wp-json\/wp\/v2\/posts\/43192\/revisions\/43194"}],"wp:featuredmedia":[{"embeddable":true,"href":"https:\/\/www.todoeldia.com\/index.php\/wp-json\/wp\/v2\/media\/43193"}],"wp:attachment":[{"href":"https:\/\/www.todoeldia.com\/index.php\/wp-json\/wp\/v2\/media?parent=43192"}],"wp:term":[{"taxonomy":"category","embeddable":true,"href":"https:\/\/www.todoeldia.com\/index.php\/wp-json\/wp\/v2\/categories?post=43192"},{"taxonomy":"post_tag","embeddable":true,"href":"https:\/\/www.todoeldia.com\/index.php\/wp-json\/wp\/v2\/tags?post=43192"}],"curies":[{"name":"wp","href":"https:\/\/api.w.org\/{rel}","templated":true}]}}