{"id":43195,"date":"2022-08-03T19:19:12","date_gmt":"2022-08-03T22:19:12","guid":{"rendered":"https:\/\/www.todoeldia.com\/?p=43195"},"modified":"2022-08-03T19:19:14","modified_gmt":"2022-08-03T22:19:14","slug":"alberto-fernandez-le-tomo-juramento-a-sergio-massa-como-ministro-de-economia-tenemos-una-gran-oportunidad-como-pais","status":"publish","type":"post","link":"https:\/\/www.todoeldia.com\/index.php\/2022\/08\/03\/alberto-fernandez-le-tomo-juramento-a-sergio-massa-como-ministro-de-economia-tenemos-una-gran-oportunidad-como-pais\/","title":{"rendered":"Alberto Fern\u00e1ndez le tom\u00f3 juramento a Sergio Massa como ministro de Econom\u00eda: \u201cTenemos una gran oportunidad como pa\u00eds\u201d"},"content":{"rendered":"\n<p>El Presidente expres\u00f3 palabras de aliento para el ex titular de la C\u00e1mara de Diputados: \u201cEstamos empezando una etapa del gobierno que estoy convencido vamos a transitar exitosamente\u201d<\/p>\n\n\n\n<p>En una breve ceremonia con fuerte presencia del arco pol\u00edtica, empresarial y sindical, Alberto Fern\u00e1ndez le tom\u00f3 juramente a Sergio Massa como ministro de Econom\u00eda. El Presidente tuvo palabras de agradecimiento para con el ex titular de la C\u00e1mara de Diputados y expres\u00f3 un mensaje esperanzador para la nueva etapa del Gobierno.<\/p>\n\n\n\n<figure class=\"wp-block-image size-full is-resized\"><img loading=\"lazy\" decoding=\"async\" src=\"https:\/\/www.todoeldia.com\/wp-content\/uploads\/2022\/08\/image-12.png\" alt=\"\" class=\"wp-image-43197\" width=\"916\" height=\"519\"\/><\/figure>\n\n\n\n<p>\u201cEstamos viviendo un tiempo muy singular de la humanidad, complejo, dif\u00edcil, tratando de superar a una pandemia que ha lastimado a todo el mundo y tratando de seguir avanzando en un mundo que ha entrado en una guerra que repercute en Argentina. Es un tiempo para que todos con mucha esperanza unamos esfuerzos para salir adelante. Cuando digo todos les digo a todos los argentinos y argentinas\u201d, comenz\u00f3.<\/p>\n\n\n\n<p>Y continu\u00f3: \u201cVeo empresarios, amigos del sindicalismo, gente de la pol\u00edtica. A todos les pido que tenemos una gran oportunidad como pa\u00eds, no la dejemos pasar por alto. Estamos empezando una etapa del gobierno que estoy convencido vamos a transitar exitosamente. Con todos y todas incluidos. Para eso lo convoqu\u00e9 a Sergio, cuya capacidad y coraje me constan. Estoy seguro de que va a salir bien. Desde ya gracias\u201d.<\/p>\n\n\n\n<figure class=\"wp-block-image size-large\"><img loading=\"lazy\" decoding=\"async\" width=\"1024\" height=\"512\" src=\"https:\/\/www.todoeldia.com\/wp-content\/uploads\/2022\/08\/image-13-1024x512.png\" alt=\"\" class=\"wp-image-43198\" srcset=\"https:\/\/www.todoeldia.com\/wp-content\/uploads\/2022\/08\/image-13-1024x512.png 1024w, https:\/\/www.todoeldia.com\/wp-content\/uploads\/2022\/08\/image-13-300x150.png 300w, https:\/\/www.todoeldia.com\/wp-content\/uploads\/2022\/08\/image-13-768x384.png 768w, https:\/\/www.todoeldia.com\/wp-content\/uploads\/2022\/08\/image-13-696x348.png 696w, https:\/\/www.todoeldia.com\/wp-content\/uploads\/2022\/08\/image-13-1068x534.png 1068w, https:\/\/www.todoeldia.com\/wp-content\/uploads\/2022\/08\/image-13-840x420.png 840w, https:\/\/www.todoeldia.com\/wp-content\/uploads\/2022\/08\/image-13.png 1440w\" sizes=\"auto, (max-width: 1024px) 100vw, 1024px\" \/><\/figure>\n\n\n\n<p>Antes de culminar el acto de jura, el mandatario le agradeci\u00f3 a Silvina Batakis, Daniel Scioli y a Juli\u00e1n Dom\u00ednguez: \u201cA los tres les agradezco sinceramente el compromiso pol\u00edtico el desprendimiento personal que han demostrado\u201d. Se trata de los funcionarios que fueron desplazados con la llegada de Massa al Poder Ejecutivo.<\/p>\n\n\n\n<p>Del acto participaron otros funcionarios, gobernadores, intendentes y sindicalistas, lo que represent\u00f3 un fuerte respaldo al dirigente de Tigre por parte de todos los sectores que integran el Frente de Todos. De hecho, desde ceremonial de Casa Rosada hab\u00edan cursado 500 invitaciones, y se opt\u00f3 trasladar la jura al Museo del Bicentenario para una mayor comodidad.<\/p>\n\n\n\n<p>Tambi\u00e9n la far\u00e1ndula tuvo un espacio con la presencia de Moria Cas\u00e1n. Es la flamante esposa de Fernando Galmarini, veterano dirigente del peronismo, ex secretario de Deportes durante la gesti\u00f3n de Carlos Menem. El \u201cPato\u201d se hab\u00eda transformado en el suegro de Massa desde que el ex titular de la ANSES se cas\u00f3 con Malena Galmarini, quien est\u00e1 al frente de AYSA.<\/p>\n","protected":false},"excerpt":{"rendered":"<p>El Presidente expres\u00f3 palabras de aliento para el ex titular de la C\u00e1mara de Diputados: \u201cEstamos empezando una etapa del gobierno que estoy convencido vamos a transitar exitosamente\u201d En una breve ceremonia con fuerte presencia del arco pol\u00edtica, empresarial y sindical, Alberto Fern\u00e1ndez le tom\u00f3 juramente a Sergio Massa como ministro de Econom\u00eda. El Presidente [&hellip;]<\/p>\n","protected":false},"author":2,"featured_media":43196,"comment_status":"open","ping_status":"open","sticky":false,"template":"","format":"standard","meta":{"tdm_status":"","tdm_grid_status":"","_joinchat":[],"footnotes":""},"categories":[59],"tags":[],"class_list":{"0":"post-43195","1":"post","2":"type-post","3":"status-publish","4":"format-standard","5":"has-post-thumbnail","7":"category-politica"},"amp_enabled":true,"_links":{"self":[{"href":"https:\/\/www.todoeldia.com\/index.php\/wp-json\/wp\/v2\/posts\/43195","targetHints":{"allow":["GET"]}}],"collection":[{"href":"https:\/\/www.todoeldia.com\/index.php\/wp-json\/wp\/v2\/posts"}],"about":[{"href":"https:\/\/www.todoeldia.com\/index.php\/wp-json\/wp\/v2\/types\/post"}],"author":[{"embeddable":true,"href":"https:\/\/www.todoeldia.com\/index.php\/wp-json\/wp\/v2\/users\/2"}],"replies":[{"embeddable":true,"href":"https:\/\/www.todoeldia.com\/index.php\/wp-json\/wp\/v2\/comments?post=43195"}],"version-history":[{"count":1,"href":"https:\/\/www.todoeldia.com\/index.php\/wp-json\/wp\/v2\/posts\/43195\/revisions"}],"predecessor-version":[{"id":43199,"href":"https:\/\/www.todoeldia.com\/index.php\/wp-json\/wp\/v2\/posts\/43195\/revisions\/43199"}],"wp:featuredmedia":[{"embeddable":true,"href":"https:\/\/www.todoeldia.com\/index.php\/wp-json\/wp\/v2\/media\/43196"}],"wp:attachment":[{"href":"https:\/\/www.todoeldia.com\/index.php\/wp-json\/wp\/v2\/media?parent=43195"}],"wp:term":[{"taxonomy":"category","embeddable":true,"href":"https:\/\/www.todoeldia.com\/index.php\/wp-json\/wp\/v2\/categories?post=43195"},{"taxonomy":"post_tag","embeddable":true,"href":"https:\/\/www.todoeldia.com\/index.php\/wp-json\/wp\/v2\/tags?post=43195"}],"curies":[{"name":"wp","href":"https:\/\/api.w.org\/{rel}","templated":true}]}}