{"id":43200,"date":"2022-08-03T20:11:53","date_gmt":"2022-08-03T23:11:53","guid":{"rendered":"https:\/\/www.todoeldia.com\/?p=43200"},"modified":"2022-08-03T20:11:55","modified_gmt":"2022-08-03T23:11:55","slug":"me-voy-antes-que-me-rajen-pamela-ares-dejo-su-cargo-en-el-ministerio-de-trabajo-de-la-nacion","status":"publish","type":"post","link":"https:\/\/www.todoeldia.com\/index.php\/2022\/08\/03\/me-voy-antes-que-me-rajen-pamela-ares-dejo-su-cargo-en-el-ministerio-de-trabajo-de-la-nacion\/","title":{"rendered":"\u00a1Me voy antes que me rajen!&nbsp; Pamela Ares dej\u00f3 su cargo en el Ministerio de Trabajo de la Naci\u00f3n"},"content":{"rendered":"\n<p>La Subsecretar\u00eda de Pol\u00edticas de Inclusi\u00f3n en el Mundo Laboral del ministerio de Trabajo, Pamela Ares anunci\u00f3 en sus redes sociales que dio un paso al costado en sus funciones en esa cartera.<\/p>\n\n\n\n<p>La mujer de Gonzalo Quilodr\u00e1n, quien se desempe\u00f1a en el ENACOM en Salta, dijo que present\u00f3 su renuncia, pero las versiones indican que debido a los cambios en el gabinete de Alberto Fern\u00e1ndez habr\u00e1 una revisi\u00f3n de algunos funcionarios y anticip\u00e1ndose a lo que viene es que resolvi\u00f3 dejar el cargo antes que le anuncien su salida.<\/p>\n","protected":false},"excerpt":{"rendered":"<p>La Subsecretar\u00eda de Pol\u00edticas de Inclusi\u00f3n en el Mundo Laboral del ministerio de Trabajo, Pamela Ares anunci\u00f3 en sus redes sociales que dio un paso al costado en sus funciones en esa cartera. La mujer de Gonzalo Quilodr\u00e1n, quien se desempe\u00f1a en el ENACOM en Salta, dijo que present\u00f3 su renuncia, pero las versiones indican [&hellip;]<\/p>\n","protected":false},"author":2,"featured_media":43201,"comment_status":"open","ping_status":"open","sticky":false,"template":"","format":"standard","meta":{"tdm_status":"","tdm_grid_status":"","_joinchat":[],"footnotes":""},"categories":[59],"tags":[],"class_list":{"0":"post-43200","1":"post","2":"type-post","3":"status-publish","4":"format-standard","5":"has-post-thumbnail","7":"category-politica"},"amp_enabled":true,"_links":{"self":[{"href":"https:\/\/www.todoeldia.com\/index.php\/wp-json\/wp\/v2\/posts\/43200","targetHints":{"allow":["GET"]}}],"collection":[{"href":"https:\/\/www.todoeldia.com\/index.php\/wp-json\/wp\/v2\/posts"}],"about":[{"href":"https:\/\/www.todoeldia.com\/index.php\/wp-json\/wp\/v2\/types\/post"}],"author":[{"embeddable":true,"href":"https:\/\/www.todoeldia.com\/index.php\/wp-json\/wp\/v2\/users\/2"}],"replies":[{"embeddable":true,"href":"https:\/\/www.todoeldia.com\/index.php\/wp-json\/wp\/v2\/comments?post=43200"}],"version-history":[{"count":1,"href":"https:\/\/www.todoeldia.com\/index.php\/wp-json\/wp\/v2\/posts\/43200\/revisions"}],"predecessor-version":[{"id":43202,"href":"https:\/\/www.todoeldia.com\/index.php\/wp-json\/wp\/v2\/posts\/43200\/revisions\/43202"}],"wp:featuredmedia":[{"embeddable":true,"href":"https:\/\/www.todoeldia.com\/index.php\/wp-json\/wp\/v2\/media\/43201"}],"wp:attachment":[{"href":"https:\/\/www.todoeldia.com\/index.php\/wp-json\/wp\/v2\/media?parent=43200"}],"wp:term":[{"taxonomy":"category","embeddable":true,"href":"https:\/\/www.todoeldia.com\/index.php\/wp-json\/wp\/v2\/categories?post=43200"},{"taxonomy":"post_tag","embeddable":true,"href":"https:\/\/www.todoeldia.com\/index.php\/wp-json\/wp\/v2\/tags?post=43200"}],"curies":[{"name":"wp","href":"https:\/\/api.w.org\/{rel}","templated":true}]}}