{"id":43215,"date":"2022-08-03T21:07:16","date_gmt":"2022-08-04T00:07:16","guid":{"rendered":"https:\/\/www.todoeldia.com\/?p=43215"},"modified":"2022-08-03T21:07:18","modified_gmt":"2022-08-04T00:07:18","slug":"tragico-accidente-en-una-caravana-en-santiago-del-estero-un-camion-paso-por-encima-a-un-nene","status":"publish","type":"post","link":"https:\/\/www.todoeldia.com\/index.php\/2022\/08\/03\/tragico-accidente-en-una-caravana-en-santiago-del-estero-un-camion-paso-por-encima-a-un-nene\/","title":{"rendered":"Tr\u00e1gico accidente en una &#8220;caravana&#8221; en Santiago del Estero: un cami\u00f3n pas\u00f3 por encima a un nene"},"content":{"rendered":"\n<p>Seg\u00fan las im\u00e1genes que se volvieron viral, una moto se cay\u00f3 delante de uno de los camiones de la cl\u00e1sica &#8220;caravana del triunfo&#8221;, y el veh\u00edculo les pas\u00f3 por encima.<\/p>\n\n\n\n<p>El Frente C\u00edvico de Santiago del Estero realiz\u00f3 este mi\u00e9rcoles la cl\u00e1sica caravana del triunfo, que en este caso cont\u00f3 con un tr\u00e1gico accidente cuando una moto se cay\u00f3 delante de un cami\u00f3n, que pas\u00f3 por encima de un menor de edad.<\/p>\n\n\n\n<figure class=\"wp-block-video\"><video height=\"720\" style=\"aspect-ratio: 1310 \/ 720;\" width=\"1310\" controls src=\"https:\/\/www.todoeldia.com\/wp-content\/uploads\/2022\/08\/tragico-accidente-en-santiago-del-estero.mp4\"><\/video><\/figure>\n\n\n\n<p>La caravana que uni\u00f3 a Santiago capital con La Banda estuvo encabezada por el gobernador Gerardo Zamora, quien acompa\u00f1\u00f3 a los candidatos a intendente por este espacio, Norma Fuentes (Capital) y Llamil Abdala (La Banda), junto a dem\u00e1s militantes y agrupaciones.<\/p>\n\n\n\n<p>Seg\u00fan se observa en las im\u00e1genes, una moto se cay\u00f3 al costado del cami\u00f3n que iba detr\u00e1s del que llevaba al gobernador, y el veh\u00edculo le pas\u00f3 por encima al motociclista y su acompa\u00f1ante.<\/p>\n\n\n\n<p>De acuerdo con periodistas locales, la criatura de 11 a\u00f1os que iba como acompa\u00f1ante falleci\u00f3 al instante.<\/p>\n","protected":false},"excerpt":{"rendered":"<p>Seg\u00fan las im\u00e1genes que se volvieron viral, una moto se cay\u00f3 delante de uno de los camiones de la cl\u00e1sica &#8220;caravana del triunfo&#8221;, y el veh\u00edculo les pas\u00f3 por encima. El Frente C\u00edvico de Santiago del Estero realiz\u00f3 este mi\u00e9rcoles la cl\u00e1sica caravana del triunfo, que en este caso cont\u00f3 con un tr\u00e1gico accidente cuando [&hellip;]<\/p>\n","protected":false},"author":2,"featured_media":43216,"comment_status":"open","ping_status":"open","sticky":false,"template":"","format":"standard","meta":{"tdm_status":"","tdm_grid_status":"","_joinchat":[],"footnotes":""},"categories":[73],"tags":[],"class_list":{"0":"post-43215","1":"post","2":"type-post","3":"status-publish","4":"format-standard","5":"has-post-thumbnail","7":"category-noticias-general"},"amp_enabled":true,"_links":{"self":[{"href":"https:\/\/www.todoeldia.com\/index.php\/wp-json\/wp\/v2\/posts\/43215","targetHints":{"allow":["GET"]}}],"collection":[{"href":"https:\/\/www.todoeldia.com\/index.php\/wp-json\/wp\/v2\/posts"}],"about":[{"href":"https:\/\/www.todoeldia.com\/index.php\/wp-json\/wp\/v2\/types\/post"}],"author":[{"embeddable":true,"href":"https:\/\/www.todoeldia.com\/index.php\/wp-json\/wp\/v2\/users\/2"}],"replies":[{"embeddable":true,"href":"https:\/\/www.todoeldia.com\/index.php\/wp-json\/wp\/v2\/comments?post=43215"}],"version-history":[{"count":1,"href":"https:\/\/www.todoeldia.com\/index.php\/wp-json\/wp\/v2\/posts\/43215\/revisions"}],"predecessor-version":[{"id":43218,"href":"https:\/\/www.todoeldia.com\/index.php\/wp-json\/wp\/v2\/posts\/43215\/revisions\/43218"}],"wp:featuredmedia":[{"embeddable":true,"href":"https:\/\/www.todoeldia.com\/index.php\/wp-json\/wp\/v2\/media\/43216"}],"wp:attachment":[{"href":"https:\/\/www.todoeldia.com\/index.php\/wp-json\/wp\/v2\/media?parent=43215"}],"wp:term":[{"taxonomy":"category","embeddable":true,"href":"https:\/\/www.todoeldia.com\/index.php\/wp-json\/wp\/v2\/categories?post=43215"},{"taxonomy":"post_tag","embeddable":true,"href":"https:\/\/www.todoeldia.com\/index.php\/wp-json\/wp\/v2\/tags?post=43215"}],"curies":[{"name":"wp","href":"https:\/\/api.w.org\/{rel}","templated":true}]}}