{"id":43536,"date":"2022-08-09T12:32:19","date_gmt":"2022-08-09T15:32:19","guid":{"rendered":"https:\/\/www.todoeldia.com\/?p=43536"},"modified":"2022-08-09T15:32:45","modified_gmt":"2022-08-09T18:32:45","slug":"tragico-accidente-en-coronel-cornejo-muere-un-hombre-de-43-anos","status":"publish","type":"post","link":"https:\/\/www.todoeldia.com\/index.php\/2022\/08\/09\/tragico-accidente-en-coronel-cornejo-muere-un-hombre-de-43-anos\/","title":{"rendered":"Tr\u00e1gico accidente en Coronel Cornejo: muere un hombre de 43 a\u00f1os"},"content":{"rendered":"\n<p>El conductor de un autom\u00f3vil Gol Trend de 43 a\u00f1os falleci\u00f3 anoche en la ruta 34 pr\u00f3ximo a Coronel Cornejo al chocar de frente con un cami\u00f3n Scania.<\/p>\n\n\n\n<figure class=\"wp-block-image size-full is-resized\"><img loading=\"lazy\" decoding=\"async\" src=\"https:\/\/www.todoeldia.com\/wp-content\/uploads\/2022\/08\/choque-en-cornejo1.jpeg\" alt=\"\" class=\"wp-image-43538\" width=\"1060\" height=\"1172\" srcset=\"https:\/\/www.todoeldia.com\/wp-content\/uploads\/2022\/08\/choque-en-cornejo1-272x300.jpeg 272w, https:\/\/www.todoeldia.com\/wp-content\/uploads\/2022\/08\/choque-en-cornejo1-381x420.jpeg 381w\" sizes=\"auto, (max-width: 1060px) 100vw, 1060px\" \/><\/figure>\n\n\n\n<p>Minutos antes de las 20, efectivos del Destacamento Coronel Cornejo fueron alertados de un siniestro vial registrado en ruta nacional 34 altura del kil\u00f3metro 1409, por lo que se desplazaron de inmediato a verificar la situaci\u00f3n.<\/p>\n\n\n\n<figure class=\"wp-block-image size-full is-resized\"><img loading=\"lazy\" decoding=\"async\" src=\"https:\/\/www.todoeldia.com\/wp-content\/uploads\/2022\/08\/choque-en-cornejo-1.jpeg\" alt=\"\" class=\"wp-image-43596\" width=\"1062\" height=\"1396\"\/><\/figure>\n\n\n\n<p>Al arribo del personal se constat\u00f3 que se trataba de una colisi\u00f3n frontal entre un cami\u00f3n Scania con acoplado conducido por un hombre de 51 a\u00f1os que se desplazaba en sentido Norte \u2013 Sur por ruta nacional 34 y por causas a establecer impact\u00f3 con un autom\u00f3vil Gol Trend guiado por un hombre de 43 a\u00f1os.<\/p>\n\n\n\n<figure class=\"wp-block-image size-large\"><img loading=\"lazy\" decoding=\"async\" width=\"1024\" height=\"576\" src=\"https:\/\/www.todoeldia.com\/wp-content\/uploads\/2022\/08\/choque-en-cornejo2-1024x576.jpeg\" alt=\"\" class=\"wp-image-43539\" srcset=\"https:\/\/www.todoeldia.com\/wp-content\/uploads\/2022\/08\/choque-en-cornejo2-1024x576.jpeg 1024w, https:\/\/www.todoeldia.com\/wp-content\/uploads\/2022\/08\/choque-en-cornejo2-300x169.jpeg 300w, https:\/\/www.todoeldia.com\/wp-content\/uploads\/2022\/08\/choque-en-cornejo2-768x432.jpeg 768w, https:\/\/www.todoeldia.com\/wp-content\/uploads\/2022\/08\/choque-en-cornejo2-696x392.jpeg 696w, https:\/\/www.todoeldia.com\/wp-content\/uploads\/2022\/08\/choque-en-cornejo2-1068x601.jpeg 1068w, https:\/\/www.todoeldia.com\/wp-content\/uploads\/2022\/08\/choque-en-cornejo2-747x420.jpeg 747w, https:\/\/www.todoeldia.com\/wp-content\/uploads\/2022\/08\/choque-en-cornejo2.jpeg 1134w\" sizes=\"auto, (max-width: 1024px) 100vw, 1024px\" \/><\/figure>\n\n\n\n<p>Profesionales de la salud confirm\u00f3 que producto de las lesiones sufridas tras el impacto, el conductor del autom\u00f3vil falleci\u00f3 en el lugar, quedando su cuerpo atrapado en el interior del habit\u00e1culo del rodado, por lo que personal de Bomberos trabajo en el rescate.<\/p>\n\n\n\n<p>Por su parte peritos en Criminal\u00edstica realizaron el relevamiento a fin de determinar las mec\u00e1nicas del siniestro.<\/p>\n\n\n\n<p>El chofer del cami\u00f3n permanece detenido y ser\u00e1 imputado este martes.<\/p>\n","protected":false},"excerpt":{"rendered":"<p>El conductor de un autom\u00f3vil Gol Trend de 43 a\u00f1os falleci\u00f3 anoche en la ruta 34 pr\u00f3ximo a Coronel Cornejo al chocar de frente con un cami\u00f3n Scania. Minutos antes de las 20, efectivos del Destacamento Coronel Cornejo fueron alertados de un siniestro vial registrado en ruta nacional 34 altura del kil\u00f3metro 1409, por lo [&hellip;]<\/p>\n","protected":false},"author":2,"featured_media":43594,"comment_status":"open","ping_status":"open","sticky":false,"template":"","format":"standard","meta":{"tdm_status":"","tdm_grid_status":"","_joinchat":[],"footnotes":""},"categories":[63],"tags":[],"class_list":{"0":"post-43536","1":"post","2":"type-post","3":"status-publish","4":"format-standard","5":"has-post-thumbnail","7":"category-policiales"},"amp_enabled":true,"_links":{"self":[{"href":"https:\/\/www.todoeldia.com\/index.php\/wp-json\/wp\/v2\/posts\/43536","targetHints":{"allow":["GET"]}}],"collection":[{"href":"https:\/\/www.todoeldia.com\/index.php\/wp-json\/wp\/v2\/posts"}],"about":[{"href":"https:\/\/www.todoeldia.com\/index.php\/wp-json\/wp\/v2\/types\/post"}],"author":[{"embeddable":true,"href":"https:\/\/www.todoeldia.com\/index.php\/wp-json\/wp\/v2\/users\/2"}],"replies":[{"embeddable":true,"href":"https:\/\/www.todoeldia.com\/index.php\/wp-json\/wp\/v2\/comments?post=43536"}],"version-history":[{"count":2,"href":"https:\/\/www.todoeldia.com\/index.php\/wp-json\/wp\/v2\/posts\/43536\/revisions"}],"predecessor-version":[{"id":43598,"href":"https:\/\/www.todoeldia.com\/index.php\/wp-json\/wp\/v2\/posts\/43536\/revisions\/43598"}],"wp:featuredmedia":[{"embeddable":true,"href":"https:\/\/www.todoeldia.com\/index.php\/wp-json\/wp\/v2\/media\/43594"}],"wp:attachment":[{"href":"https:\/\/www.todoeldia.com\/index.php\/wp-json\/wp\/v2\/media?parent=43536"}],"wp:term":[{"taxonomy":"category","embeddable":true,"href":"https:\/\/www.todoeldia.com\/index.php\/wp-json\/wp\/v2\/categories?post=43536"},{"taxonomy":"post_tag","embeddable":true,"href":"https:\/\/www.todoeldia.com\/index.php\/wp-json\/wp\/v2\/tags?post=43536"}],"curies":[{"name":"wp","href":"https:\/\/api.w.org\/{rel}","templated":true}]}}