{"id":43550,"date":"2022-08-09T13:01:19","date_gmt":"2022-08-09T16:01:19","guid":{"rendered":"https:\/\/www.todoeldia.com\/?p=43550"},"modified":"2022-08-09T13:03:08","modified_gmt":"2022-08-09T16:03:08","slug":"8-anos-a-la-carcel-por-abusar-de-un-joven","status":"publish","type":"post","link":"https:\/\/www.todoeldia.com\/index.php\/2022\/08\/09\/8-anos-a-la-carcel-por-abusar-de-un-joven\/","title":{"rendered":"8 a\u00f1os a la c\u00e1rcel por abusar de un joven"},"content":{"rendered":"\n<p>La madre de la v\u00edctima denunci\u00f3 a un familiar por abusar de su hijo. Intervino la fiscal Penal 3 de la Unidad de Delitos contra la Integridad Sexual (UDIS), Cecilia Flores Toranzos<\/p>\n\n\n\n<p>El Tribunal de Juicio, Sala 3, conden\u00f3 a un hombre a la pena de ocho a\u00f1os de prisi\u00f3n de cumplimiento efectivo por los delitos de abuso sexual gravemente ultrajante y abuso sexual con acceso carnal y corrupci\u00f3n de menores.<\/p>\n\n\n\n<p>La fiscal Penal 3 de la Unidad de Delitos contra la Integridad Sexual (UDIS), Cecilia Flores Toranzos, represent\u00f3 al Ministerio P\u00fablico Fiscal en el juicio que permiti\u00f3 la condena.<\/p>\n\n\n\n<p>La intervenci\u00f3n de la UDIS inici\u00f3 luego de que la madre de un adolescente de 14 a\u00f1os radicara una denuncia contra un familiar por abusar sexualmente de su hijo. Tras investigar el hecho y escucharlo en Circuito Cerrado de Televisi\u00f3n, Flores Toranzos elev\u00f3 el pedido de juicio para el hombre, instancia que finalmente tuvo lugar d\u00edas atr\u00e1s.<\/p>\n\n\n\n<p>El acusado se encuentra a cargo del Servicio Penitenciario de la Provincia y el juez Pablo Farah dispuso que, a trav\u00e9s del CIF, se le extraigan muestras de ADN para su posterior incorporaci\u00f3n en el Banco de Datos Gen\u00e9ticos.<\/p>\n","protected":false},"excerpt":{"rendered":"<p>La madre de la v\u00edctima denunci\u00f3 a un familiar por abusar de su hijo. Intervino la fiscal Penal 3 de la Unidad de Delitos contra la Integridad Sexual (UDIS), Cecilia Flores Toranzos El Tribunal de Juicio, Sala 3, conden\u00f3 a un hombre a la pena de ocho a\u00f1os de prisi\u00f3n de cumplimiento efectivo por los [&hellip;]<\/p>\n","protected":false},"author":2,"featured_media":37251,"comment_status":"open","ping_status":"open","sticky":false,"template":"","format":"standard","meta":{"tdm_status":"","tdm_grid_status":"","_joinchat":[],"footnotes":""},"categories":[63],"tags":[],"class_list":{"0":"post-43550","1":"post","2":"type-post","3":"status-publish","4":"format-standard","5":"has-post-thumbnail","7":"category-policiales"},"amp_enabled":true,"_links":{"self":[{"href":"https:\/\/www.todoeldia.com\/index.php\/wp-json\/wp\/v2\/posts\/43550","targetHints":{"allow":["GET"]}}],"collection":[{"href":"https:\/\/www.todoeldia.com\/index.php\/wp-json\/wp\/v2\/posts"}],"about":[{"href":"https:\/\/www.todoeldia.com\/index.php\/wp-json\/wp\/v2\/types\/post"}],"author":[{"embeddable":true,"href":"https:\/\/www.todoeldia.com\/index.php\/wp-json\/wp\/v2\/users\/2"}],"replies":[{"embeddable":true,"href":"https:\/\/www.todoeldia.com\/index.php\/wp-json\/wp\/v2\/comments?post=43550"}],"version-history":[{"count":1,"href":"https:\/\/www.todoeldia.com\/index.php\/wp-json\/wp\/v2\/posts\/43550\/revisions"}],"predecessor-version":[{"id":43551,"href":"https:\/\/www.todoeldia.com\/index.php\/wp-json\/wp\/v2\/posts\/43550\/revisions\/43551"}],"wp:featuredmedia":[{"embeddable":true,"href":"https:\/\/www.todoeldia.com\/index.php\/wp-json\/wp\/v2\/media\/37251"}],"wp:attachment":[{"href":"https:\/\/www.todoeldia.com\/index.php\/wp-json\/wp\/v2\/media?parent=43550"}],"wp:term":[{"taxonomy":"category","embeddable":true,"href":"https:\/\/www.todoeldia.com\/index.php\/wp-json\/wp\/v2\/categories?post=43550"},{"taxonomy":"post_tag","embeddable":true,"href":"https:\/\/www.todoeldia.com\/index.php\/wp-json\/wp\/v2\/tags?post=43550"}],"curies":[{"name":"wp","href":"https:\/\/api.w.org\/{rel}","templated":true}]}}