{"id":43553,"date":"2022-08-09T13:11:20","date_gmt":"2022-08-09T16:11:20","guid":{"rendered":"https:\/\/www.todoeldia.com\/?p=43553"},"modified":"2022-08-09T13:11:23","modified_gmt":"2022-08-09T16:11:23","slug":"una-pareja-armada-con-cuchillos-le-robo-a-un-hombre-que-esperaba-el-colectivo","status":"publish","type":"post","link":"https:\/\/www.todoeldia.com\/index.php\/2022\/08\/09\/una-pareja-armada-con-cuchillos-le-robo-a-un-hombre-que-esperaba-el-colectivo\/","title":{"rendered":"Una pareja armada con cuchillos le rob\u00f3 a un hombre que esperaba el colectivo"},"content":{"rendered":"\n<p>La v\u00edctima cont\u00f3 que esperaba la llegada del colectivo en una parada de la avenida Paraguay cuando se le acerc\u00f3 una mujer que comenz\u00f3 a charlar con \u00e9l.<\/p>\n\n\n\n<p>Agreg\u00f3 que en ese momento se le acerc\u00f3 un hombre que lo agarr\u00f3 por la espalda y le puso un cuchillo para amenazarlo, mientras que la mujer lo apuntaba con otro cuchillo. As\u00ed le sustrajeron el celular y la billetera en la que ten\u00eda, entre otras cosas, la suma de ocho mil pesos, y luego se dieron a la fuga.<\/p>\n\n\n\n<p>Un m\u00f3vil policial circulaba por el lugar, por lo que les hizo se\u00f1as y les explic\u00f3 lo sucedido. Con la descripci\u00f3n aportada por el denunciante, los dos acusados fueron detenidos y trasladados a la comisar\u00eda.<\/p>\n\n\n\n<p>La jueza de Garant\u00edas 8, Claudia Puertas, orden\u00f3 elevar a juicio la causa que se sigue contra el hombre y la mujer, que fueron acusados como autores del delito de robo doblemente calificado por el uso de arma en poblado y en banda.<\/p>\n\n\n\n<p>La causa continuar\u00e1 su tr\u00e1mite procesal correspondiente ante la Sala V del Tribunal de Juicio.<\/p>\n","protected":false},"excerpt":{"rendered":"<p>La v\u00edctima cont\u00f3 que esperaba la llegada del colectivo en una parada de la avenida Paraguay cuando se le acerc\u00f3 una mujer que comenz\u00f3 a charlar con \u00e9l. Agreg\u00f3 que en ese momento se le acerc\u00f3 un hombre que lo agarr\u00f3 por la espalda y le puso un cuchillo para amenazarlo, mientras que la mujer [&hellip;]<\/p>\n","protected":false},"author":2,"featured_media":43554,"comment_status":"open","ping_status":"open","sticky":false,"template":"","format":"standard","meta":{"tdm_status":"","tdm_grid_status":"","_joinchat":[],"footnotes":""},"categories":[63],"tags":[],"class_list":{"0":"post-43553","1":"post","2":"type-post","3":"status-publish","4":"format-standard","5":"has-post-thumbnail","7":"category-policiales"},"amp_enabled":true,"_links":{"self":[{"href":"https:\/\/www.todoeldia.com\/index.php\/wp-json\/wp\/v2\/posts\/43553","targetHints":{"allow":["GET"]}}],"collection":[{"href":"https:\/\/www.todoeldia.com\/index.php\/wp-json\/wp\/v2\/posts"}],"about":[{"href":"https:\/\/www.todoeldia.com\/index.php\/wp-json\/wp\/v2\/types\/post"}],"author":[{"embeddable":true,"href":"https:\/\/www.todoeldia.com\/index.php\/wp-json\/wp\/v2\/users\/2"}],"replies":[{"embeddable":true,"href":"https:\/\/www.todoeldia.com\/index.php\/wp-json\/wp\/v2\/comments?post=43553"}],"version-history":[{"count":1,"href":"https:\/\/www.todoeldia.com\/index.php\/wp-json\/wp\/v2\/posts\/43553\/revisions"}],"predecessor-version":[{"id":43555,"href":"https:\/\/www.todoeldia.com\/index.php\/wp-json\/wp\/v2\/posts\/43553\/revisions\/43555"}],"wp:featuredmedia":[{"embeddable":true,"href":"https:\/\/www.todoeldia.com\/index.php\/wp-json\/wp\/v2\/media\/43554"}],"wp:attachment":[{"href":"https:\/\/www.todoeldia.com\/index.php\/wp-json\/wp\/v2\/media?parent=43553"}],"wp:term":[{"taxonomy":"category","embeddable":true,"href":"https:\/\/www.todoeldia.com\/index.php\/wp-json\/wp\/v2\/categories?post=43553"},{"taxonomy":"post_tag","embeddable":true,"href":"https:\/\/www.todoeldia.com\/index.php\/wp-json\/wp\/v2\/tags?post=43553"}],"curies":[{"name":"wp","href":"https:\/\/api.w.org\/{rel}","templated":true}]}}