{"id":43561,"date":"2022-08-09T13:48:15","date_gmt":"2022-08-09T16:48:15","guid":{"rendered":"https:\/\/www.todoeldia.com\/?p=43561"},"modified":"2022-08-09T13:54:26","modified_gmt":"2022-08-09T16:54:26","slug":"a-partir-del-lunes-el-boleto-de-colectivo-costara-51-pesos","status":"publish","type":"post","link":"https:\/\/www.todoeldia.com\/index.php\/2022\/08\/09\/a-partir-del-lunes-el-boleto-de-colectivo-costara-51-pesos\/","title":{"rendered":"A partir del lunes el boleto de colectivo costar\u00e1 51 pesos"},"content":{"rendered":"\n<p>La Autoridad Metropolitana del Transporte confirm\u00f3 que a partir del 15 de agosto el boleto de transporte urbano costar\u00e1 51,25 pesos, y a partir del 2 de enero del 2023, el precio se elevar\u00e1 a 61,50 pesos<\/p>\n\n\n\n<p>SAETA hab\u00eda pedido que el boleto urbano suba a 63 pesos. En el caso del transporte interurbano del interior tambi\u00e9n tendr\u00e1 una suba escalonada, esto comprende que ser\u00e1 a partir del 15 de agosto y posteriormente el 12 de diciembre del corriente a\u00f1o.<\/p>\n\n\n\n<p>\u201cEsta recomposici\u00f3n se efectu\u00f3 teniendo en cuenta muchos par\u00e1metros\u201d, sostuvo Marcelo Ferraris, presidente de la Autoridad Metropolitana de Transporte. Resalt\u00f3 que del pedido por un aumento del 55%, se otorg\u00f3 el 28%.<\/p>\n\n\n\n<p>En el caso del transporte interurbano del interior tambi\u00e9n tendr\u00e1 una suba escalonada, esto comprende que ser\u00e1 a partir del 15 de agosto y posteriormente el 12 de diciembre del corriente a\u00f1o. Es importante resaltar que en el caso del interior son diversos tramos de cada l\u00ednea por lo que se detalla en el siguiente cuadro tarifario (ver link)<\/p>\n\n\n\n<p>Saeta : http:\/\/www.amtsalta.gob.ar\/wp\/wp-content\/uploads\/2022\/08\/Copia-de-ANEXO-I-15-08-2022.xlsx<\/p>\n\n\n\n<p>Interior tramo 1: http:\/\/www.amtsalta.gob.ar\/wp\/wp-content\/uploads\/2022\/08\/PDF-GRAL-TRAMO-I.pdf<\/p>\n\n\n\n<p>Interior tramo 2: http:\/\/www.amtsalta.gob.ar\/wp\/wp-content\/uploads\/2022\/08\/PDF-GRAL-TRAMO-II.pdf<\/p>\n","protected":false},"excerpt":{"rendered":"<p>La Autoridad Metropolitana del Transporte confirm\u00f3 que a partir del 15 de agosto el boleto de transporte urbano costar\u00e1 51,25 pesos, y a partir del 2 de enero del 2023, el precio se elevar\u00e1 a 61,50 pesos SAETA hab\u00eda pedido que el boleto urbano suba a 63 pesos. En el caso del transporte interurbano del [&hellip;]<\/p>\n","protected":false},"author":2,"featured_media":43562,"comment_status":"open","ping_status":"open","sticky":false,"template":"","format":"standard","meta":{"tdm_status":"","tdm_grid_status":"","_joinchat":[],"footnotes":""},"categories":[60],"tags":[],"class_list":{"0":"post-43561","1":"post","2":"type-post","3":"status-publish","4":"format-standard","5":"has-post-thumbnail","7":"category-economia"},"amp_enabled":true,"_links":{"self":[{"href":"https:\/\/www.todoeldia.com\/index.php\/wp-json\/wp\/v2\/posts\/43561","targetHints":{"allow":["GET"]}}],"collection":[{"href":"https:\/\/www.todoeldia.com\/index.php\/wp-json\/wp\/v2\/posts"}],"about":[{"href":"https:\/\/www.todoeldia.com\/index.php\/wp-json\/wp\/v2\/types\/post"}],"author":[{"embeddable":true,"href":"https:\/\/www.todoeldia.com\/index.php\/wp-json\/wp\/v2\/users\/2"}],"replies":[{"embeddable":true,"href":"https:\/\/www.todoeldia.com\/index.php\/wp-json\/wp\/v2\/comments?post=43561"}],"version-history":[{"count":2,"href":"https:\/\/www.todoeldia.com\/index.php\/wp-json\/wp\/v2\/posts\/43561\/revisions"}],"predecessor-version":[{"id":43566,"href":"https:\/\/www.todoeldia.com\/index.php\/wp-json\/wp\/v2\/posts\/43561\/revisions\/43566"}],"wp:featuredmedia":[{"embeddable":true,"href":"https:\/\/www.todoeldia.com\/index.php\/wp-json\/wp\/v2\/media\/43562"}],"wp:attachment":[{"href":"https:\/\/www.todoeldia.com\/index.php\/wp-json\/wp\/v2\/media?parent=43561"}],"wp:term":[{"taxonomy":"category","embeddable":true,"href":"https:\/\/www.todoeldia.com\/index.php\/wp-json\/wp\/v2\/categories?post=43561"},{"taxonomy":"post_tag","embeddable":true,"href":"https:\/\/www.todoeldia.com\/index.php\/wp-json\/wp\/v2\/tags?post=43561"}],"curies":[{"name":"wp","href":"https:\/\/api.w.org\/{rel}","templated":true}]}}