{"id":43564,"date":"2022-08-09T13:52:20","date_gmt":"2022-08-09T16:52:20","guid":{"rendered":"https:\/\/www.todoeldia.com\/?p=43564"},"modified":"2022-08-09T13:52:22","modified_gmt":"2022-08-09T16:52:22","slug":"adrian-suar-confirmo-que-mirtha-legrand-seguira-en-el-trece","status":"publish","type":"post","link":"https:\/\/www.todoeldia.com\/index.php\/2022\/08\/09\/adrian-suar-confirmo-que-mirtha-legrand-seguira-en-el-trece\/","title":{"rendered":"Adri\u00e1n Suar confirm\u00f3 que Mirtha Legrand seguir\u00e1 en El Trece"},"content":{"rendered":"\n<p>En di\u00e1logo con \u201cNo est\u00e1 todo dicho\u201d, por La 100, el gerente de programaci\u00f3n de Canal 13, Adri\u00e1n Suar, confirm\u00f3 el futuro laboral de Mirtha Legrand.<\/p>\n\n\n\n<p>Las dudas sobre el futuro laboral de Mirtha Legrand llegaron este martes a un fin. Adri\u00e1n Suar confirm\u00f3 que las negociaciones est\u00e1n muy avanzadas y que es cuesti\u00f3n de horas para que se confirme que la diva continuar\u00e1 al frente de su programa en Canal Trece.<\/p>\n\n\n\n<p>El gerente de programaci\u00f3n de la se\u00f1al estuvo invitado este martes a \u201cNo est\u00e1 todo dicho\u201d, por La 100, y fue consultado por el tema. \u201cCreo que entre hoy y ma\u00f1ana, a m\u00e1s tardar el jueves, podremos decir que Mirtha Legrand estar\u00e1 en el Trece\u201d, revel\u00f3. Y cont\u00f3 que esta tarde tendr\u00e1 una reuni\u00f3n con Nacho Viale \u201cen la que se podr\u00eda cerrar\u201d.<\/p>\n\n\n\n<p>Hasta el momento era una inc\u00f3gnita si la conductora podr\u00eda estar nuevamente al frente de su programa este 2022, luego de que las negociaciones se extendieran a lo largo de varios meses. D\u00edas atr\u00e1s Suar se hab\u00eda mostrado esperanzado en llegar a buen puerto. \u201cMirtha va a estar en el eltrece a partir de septiembre. Estamos terminando de cerrar los temas econ\u00f3micos, aspectos del contrato, renovaci\u00f3n, PNTs\u201d, afirm\u00f3 durante una entrevista, a la vez que revel\u00f3 que dividir\u00e1n los dos d\u00edas del fin de semana con su nieta, Juana Viale.<\/p>\n\n\n\n<p>A lo largo del a\u00f1o Mirtha Legrand intent\u00f3 en reiteradas ocasiones poner fr\u00edos a su regreso. \u201cNo s\u00e9 si volver\u00e9 a la televisi\u00f3n, no puedo decir nada, ni por s\u00ed ni por no. Yo deseo volver\u201d, hab\u00eda dicho en el programa \u201cSecretos Verdaderos\u201d a comienzos de julio. En aquella ocasi\u00f3n indic\u00f3 que la negociaci\u00f3n depend\u00eda de Nacho Viale, quien se encontraba temporalmente fuera del pa\u00eds. \u201cPasan los d\u00edas y yo tengo ganas de volver porque durante la pandemia estuve ausente\u201d, se lament\u00f3.<\/p>\n\n\n\n<p>La conductora hab\u00eda conducido su programa hasta marzo de 2020, cuando debi\u00f3 aislarse por la pandemia y su nieta, Juana Viale, tom\u00f3 su lugar.<\/p>\n","protected":false},"excerpt":{"rendered":"<p>En di\u00e1logo con \u201cNo est\u00e1 todo dicho\u201d, por La 100, el gerente de programaci\u00f3n de Canal 13, Adri\u00e1n Suar, confirm\u00f3 el futuro laboral de Mirtha Legrand. Las dudas sobre el futuro laboral de Mirtha Legrand llegaron este martes a un fin. Adri\u00e1n Suar confirm\u00f3 que las negociaciones est\u00e1n muy avanzadas y que es cuesti\u00f3n de [&hellip;]<\/p>\n","protected":false},"author":2,"featured_media":34450,"comment_status":"open","ping_status":"open","sticky":false,"template":"","format":"standard","meta":{"tdm_status":"","tdm_grid_status":"","_joinchat":[],"footnotes":""},"categories":[120],"tags":[],"class_list":{"0":"post-43564","1":"post","2":"type-post","3":"status-publish","4":"format-standard","5":"has-post-thumbnail","7":"category-espectaculos-2"},"amp_enabled":true,"_links":{"self":[{"href":"https:\/\/www.todoeldia.com\/index.php\/wp-json\/wp\/v2\/posts\/43564","targetHints":{"allow":["GET"]}}],"collection":[{"href":"https:\/\/www.todoeldia.com\/index.php\/wp-json\/wp\/v2\/posts"}],"about":[{"href":"https:\/\/www.todoeldia.com\/index.php\/wp-json\/wp\/v2\/types\/post"}],"author":[{"embeddable":true,"href":"https:\/\/www.todoeldia.com\/index.php\/wp-json\/wp\/v2\/users\/2"}],"replies":[{"embeddable":true,"href":"https:\/\/www.todoeldia.com\/index.php\/wp-json\/wp\/v2\/comments?post=43564"}],"version-history":[{"count":1,"href":"https:\/\/www.todoeldia.com\/index.php\/wp-json\/wp\/v2\/posts\/43564\/revisions"}],"predecessor-version":[{"id":43565,"href":"https:\/\/www.todoeldia.com\/index.php\/wp-json\/wp\/v2\/posts\/43564\/revisions\/43565"}],"wp:featuredmedia":[{"embeddable":true,"href":"https:\/\/www.todoeldia.com\/index.php\/wp-json\/wp\/v2\/media\/34450"}],"wp:attachment":[{"href":"https:\/\/www.todoeldia.com\/index.php\/wp-json\/wp\/v2\/media?parent=43564"}],"wp:term":[{"taxonomy":"category","embeddable":true,"href":"https:\/\/www.todoeldia.com\/index.php\/wp-json\/wp\/v2\/categories?post=43564"},{"taxonomy":"post_tag","embeddable":true,"href":"https:\/\/www.todoeldia.com\/index.php\/wp-json\/wp\/v2\/tags?post=43564"}],"curies":[{"name":"wp","href":"https:\/\/api.w.org\/{rel}","templated":true}]}}