{"id":43589,"date":"2022-08-09T15:17:26","date_gmt":"2022-08-09T18:17:26","guid":{"rendered":"https:\/\/www.todoeldia.com\/?p=43589"},"modified":"2022-08-09T15:17:39","modified_gmt":"2022-08-09T18:17:39","slug":"suspendieron-y-ordenaron-iniciar-el-juicio-politico-al-fiscal-federal-snopek-acusado-de-violencia-de-genero","status":"publish","type":"post","link":"https:\/\/www.todoeldia.com\/index.php\/2022\/08\/09\/suspendieron-y-ordenaron-iniciar-el-juicio-politico-al-fiscal-federal-snopek-acusado-de-violencia-de-genero\/","title":{"rendered":"Suspendieron y ordenaron iniciar el juicio pol\u00edtico al fiscal federal Snopek, acusado de violencia de g\u00e9nero"},"content":{"rendered":"\n<p>El procurador general de la Naci\u00f3n, Eduardo Casal, dictamin\u00f3 que se conforme un Tribunal de Enjuiciamiento para evaluar la conducta del fiscal federal de Salta, acusado de golpear a su mujer la noche del 22 de mayo pasado.<\/p>\n\n\n\n<p>El jefe de los fiscales de la Naci\u00f3n, Eduardo Casal, orden\u00f3 al Tribunal de Enjuiciamiento de la Procuraci\u00f3n General avanzar con el juicio pol\u00edtico contra el fiscal federal de Salta, Francisco Snopek, despu\u00e9s de que la Justicia lo investigue por hechos de violencia de g\u00e9nero contra su esposa y de que una defensora oficial de esa provincia tambi\u00e9n lo denunciara por lo mismo.<\/p>\n\n\n\n<p>\u201cLos graves hechos que tuvieron como uno de sus protagonistas al doctor Snopek permiten concluir que no podr\u00e1 continuar actuando con la autoridad que supone su investidura hasta tanto el Tribunal de Enjuiciamiento decida sobre su responsabilidad en ellos\u201d, escribi\u00f3 en su dictamen Casal, al que tuvo acceso Infobae.<\/p>\n\n\n\n<p>Snopek podr\u00eda ser destituido. Eso, adem\u00e1s, conllevar\u00eda la p\u00e9rdida de fueros y la consecuente posibilidad de ser encarcelado en caso de que la Justicia lo considere culpable de los hechos por los que se lo investiga.<\/p>\n\n\n\n<p>Pesan tres causas simult\u00e1neas sobre el fiscal federal nacido 43 a\u00f1os atr\u00e1s en Jujuy: la penal relacionada a la violencia contra su esposa, en hechos ocurridos el 23 de mayo pasado en la vivienda que comparten; la familiar, por una demanda de la defensora oficial de Salta Clarisa Gal\u00e1n, tambi\u00e9n por violencia; y la investigaci\u00f3n interna de la Procuraci\u00f3n.<\/p>\n\n\n\n<figure class=\"wp-block-image size-full is-resized\"><img loading=\"lazy\" decoding=\"async\" src=\"https:\/\/www.todoeldia.com\/wp-content\/uploads\/2022\/08\/image-48.png\" alt=\"\" class=\"wp-image-43591\" width=\"913\" height=\"518\"\/><figcaption>Eduardo Casal, procurador general de la Naci\u00f3n, decidi\u00f3 avanzar con el juicio pol\u00edtico contra Snopek<\/figcaption><\/figure>\n\n\n\n<p>Semanas atr\u00e1s, este medio adelant\u00f3 que el Consejo Evaluador de la Procuraci\u00f3n General de la Naci\u00f3n, conformado por Oscar Ciruzzi, Alejandro Alagia, Guillermo P\u00e9rez De la Fuente, Susana Pernas y Mar\u00eda Gloria Andr\u00e9, hab\u00edan determinado que exist\u00edan elementos suficientes para elevar el caso de Snopek a un juicio pol\u00edtico.<\/p>\n\n\n\n<p>En base a ese an\u00e1lisis, el procurador Casal deb\u00eda dar la \u201c\u00faltima palabra\u201d. En un dictamen de 14 p\u00e1ginas, el jefe de los fiscales decidi\u00f3 que existen motivos para avanzar con el jury contra Snopek. Adem\u00e1s, solicit\u00f3 al Tribunal que active la suspensi\u00f3n una vez que se venza la licencia m\u00e9dica.<\/p>\n\n\n\n<p>\u201cLos hechos perjudicaron a la administraci\u00f3n de justicia debido a la afectaci\u00f3n que sufri\u00f3 la imagen del magistrado involucrado -en particular- cuya autoridad se encuentra degradada y la del Ministerio P\u00fablico Fiscal -en general- a quien \u00e9l representa\u201d, escribi\u00f3 Casal, sobre el oprobio que representa el caso Snopek para la imagen de la justicia nacional.<\/p>\n\n\n\n<p>De acuerdo a fuentes judiciales, el Tribunal estar\u00eda compuesto por Ricardo Carlos Mar\u00eda \u00c1lvarez, fiscal general ante la C\u00e1mara Federal de Apelaciones de Paran\u00e1, Eduardo Norberto Varas, fiscal federal de Jun\u00edn, Agustina Rodr\u00edguez Saa, rectora de la Universidad Nacional de los Comechingones, Mar\u00eda Gabriela Van Marrewic, representante del Colegio P\u00fablico de Abogados de Capital Federal, Francisco Javier Panero, de la Federaci\u00f3n Argentina de Colegios de Abogados (FACA), Cesar Antonio Grau, por el Senado de la Naci\u00f3n, y H\u00e9ctor Pedro Recalde, representaci\u00f3n del Poder Ejecutivo.<\/p>\n\n\n\n<p>El esc\u00e1ndalo que involucra a Snopek estall\u00f3 entre la noche del 22 de mayo pasado y la madrugada del 23, despu\u00e9s de que un llamado al 911 hecho por \u00e9l mismo alertara a la Polic\u00eda de Salta. Un grupo de agentes llegaron a su casa, ubicada en un barrio cerrado de la capital provincial. Los recibi\u00f3 el propio fiscal, en visible estado de ebriedad, seg\u00fan declararon todos los polic\u00edas. All\u00ed, les dijo que su esposa estaba violenta y con un brote de nervios. \u201cEst\u00e1 rompiendo todo\u201d, avis\u00f3.<\/p>\n\n\n\n<figure class=\"wp-block-image size-full is-resized\"><img loading=\"lazy\" decoding=\"async\" src=\"https:\/\/www.todoeldia.com\/wp-content\/uploads\/2022\/08\/image-49.png\" alt=\"\" class=\"wp-image-43592\" width=\"912\" height=\"517\"\/><figcaption>Snopek ser\u00e1 suspendido una vez que termine su licencia m\u00e9dica: podr\u00eda perder su cargo de fiscal, sus fueros e ir a prisi\u00f3n si es hallado culpable de pegarle a su esposa<\/figcaption><\/figure>\n\n\n\n<p>Los polic\u00edas notaron al entrar a la casa que la cuesti\u00f3n era diferente de c\u00f3mo la hab\u00eda denunciado Snopek. \u201cSos una loca\u201d, le dijo el fiscal a su esposa, una abogada de 32 a\u00f1os, delante de los agentes. Ella le respondi\u00f3: \u201cS\u00ed, soy una loca\u201d, y les mostr\u00f3 a los polic\u00edas heridas en uno de sus brazos y en su cabeza. Y cont\u00f3 que el hombre le peg\u00f3 y la tir\u00f3 contra la pared luego de gritarle para que fuera a limpiar un l\u00edquido derramado.<\/p>\n\n\n\n<p>Posteriormente, seg\u00fan declararon en coincidencia todos los polic\u00edas involucrados, Snopek quiso irse de su casa. Los agentes se lo impidieron y \u00e9l los maltrat\u00f3 con insultos como \u201cnegro de mierda\u201d, \u201cno sab\u00e9s con qui\u00e9n te metiste\u201d. Describieron a Snopek como \u201cincontrolable\u201d.<\/p>\n\n\n\n<p>Los polic\u00edas denunciaron al fiscal por privaci\u00f3n ilegal de la libertad. La jueza de Garant\u00edas Claudia Puertas sobresey\u00f3 al fiscal d\u00edas atr\u00e1s de la denuncia por encerrar a los polic\u00edas en su casa pero mantuvo activa la investigaci\u00f3n de oficio que inici\u00f3 la fiscal de Violencia de G\u00e9nero de Salta, Luj\u00e1n Sodero, por la violencia contra su esposa.<\/p>\n\n\n\n<p>La presunta v\u00edctima, mam\u00e1 de un beb\u00e9 de cuatro meses producto de su relaci\u00f3n con Snopek, desestim\u00f3 denunciar a su pareja. Seg\u00fan declararon los polic\u00edas que fueron a su casa, la mujer se lo prometi\u00f3 delante de ellos con la idea de que se calmara. A pesar de que mantuvo esa postura, la fiscal Sodero avanz\u00f3 con el caso.<\/p>\n\n\n\n<p>Producto de esa investigaci\u00f3n, salieron a la luz otros hechos de violencia que involucraban a Snopek y que, en el mundo judicial de Salta y Jujuy eran vox populi. Se volvi\u00f3 a hablar de un hecho similar con su ex esposa y adem\u00e1s la defensora oficial de Salta, Clarisa Gal\u00e1n, denunci\u00f3 al fiscal ante una fiscal\u00eda de Familia por acoso laboral y violencia de g\u00e9nero en el \u00e1mbito del trabajo. Por ese hecho, la jueza Mar\u00eda Carolina C\u00e1ceres Moreno decidi\u00f3 imponerle una restricci\u00f3n de acercamiento al fiscal y una custodia a la defensora.<\/p>\n\n\n\n<p>\u201cEs un psic\u00f3pata, c\u00ednico, enfermo, es un perverso. Lo sent\u00ed en carne propia\u201d. Al menos unas 20 frases dichas ante una perito judicial por personas que trabajan o trabajaron con el fiscal federal se incluyeron en el expediente judicial donde se lo investiga.<\/p>\n\n\n\n<p>A los videos y audios clave que aportaron como pruebas los polic\u00edas que registraron los hechos ocurridos en la casa del fiscal, se agregaron en las \u00faltimas semanas testimonios de personas del \u00e1mbito laboral, desde su c\u00edrculo m\u00e1s cercano, a colegas de su misma jerarqu\u00eda, que ponen en contexto la conducta cotidiana de Snopek, de 43 a\u00f1os, en su \u00e1mbito laboral. Y lo describen, b\u00e1sicamente, como una persona violenta, sobre todo con las mujeres.<\/p>\n\n\n\n<p>Snopek intent\u00f3 defenderse, tanto en la causa penal en su contra como ante el Consejo Evaluador de la Procuraci\u00f3n, donde remarc\u00f3 que la situaci\u00f3n del 22 y 23 de mayo estaba causada por la p\u00e9rdida de un beb\u00e9 y el estr\u00e9s familiar.<\/p>\n\n\n\n<p>No obstante, el Consejo decidi\u00f3 por mayor\u00eda avanzar con el juicio pol\u00edtico. En su informe a Casal, destac\u00f3 que al menos parte de la violencia verbal y simb\u00f3lica contra la mujer hab\u00eda ocurrido en tiempo real, ante el personal policial y quedado documentada.<\/p>\n\n\n\n<p>Seg\u00fan confirmaron fuentes judiciales a Infobae, el juicio pol\u00edtico contra Snopek podr\u00eda avanzar dentro de los pr\u00f3ximos dos meses, lo que para los tiempos de la Justicia es un tr\u00e1mite r\u00e1pido. Y si se vence la licencia y vuelve a trabajar, el tr\u00e1mite para la suspensi\u00f3n se tratar\u00eda \u201cde inmediato\u201d.<\/p>\n","protected":false},"excerpt":{"rendered":"<p>El procurador general de la Naci\u00f3n, Eduardo Casal, dictamin\u00f3 que se conforme un Tribunal de Enjuiciamiento para evaluar la conducta del fiscal federal de Salta, acusado de golpear a su mujer la noche del 22 de mayo pasado. El jefe de los fiscales de la Naci\u00f3n, Eduardo Casal, orden\u00f3 al Tribunal de Enjuiciamiento de la [&hellip;]<\/p>\n","protected":false},"author":2,"featured_media":43590,"comment_status":"open","ping_status":"open","sticky":false,"template":"","format":"standard","meta":{"tdm_status":"","tdm_grid_status":"","_joinchat":[],"footnotes":""},"categories":[63],"tags":[],"class_list":{"0":"post-43589","1":"post","2":"type-post","3":"status-publish","4":"format-standard","5":"has-post-thumbnail","7":"category-policiales"},"amp_enabled":true,"_links":{"self":[{"href":"https:\/\/www.todoeldia.com\/index.php\/wp-json\/wp\/v2\/posts\/43589","targetHints":{"allow":["GET"]}}],"collection":[{"href":"https:\/\/www.todoeldia.com\/index.php\/wp-json\/wp\/v2\/posts"}],"about":[{"href":"https:\/\/www.todoeldia.com\/index.php\/wp-json\/wp\/v2\/types\/post"}],"author":[{"embeddable":true,"href":"https:\/\/www.todoeldia.com\/index.php\/wp-json\/wp\/v2\/users\/2"}],"replies":[{"embeddable":true,"href":"https:\/\/www.todoeldia.com\/index.php\/wp-json\/wp\/v2\/comments?post=43589"}],"version-history":[{"count":1,"href":"https:\/\/www.todoeldia.com\/index.php\/wp-json\/wp\/v2\/posts\/43589\/revisions"}],"predecessor-version":[{"id":43593,"href":"https:\/\/www.todoeldia.com\/index.php\/wp-json\/wp\/v2\/posts\/43589\/revisions\/43593"}],"wp:featuredmedia":[{"embeddable":true,"href":"https:\/\/www.todoeldia.com\/index.php\/wp-json\/wp\/v2\/media\/43590"}],"wp:attachment":[{"href":"https:\/\/www.todoeldia.com\/index.php\/wp-json\/wp\/v2\/media?parent=43589"}],"wp:term":[{"taxonomy":"category","embeddable":true,"href":"https:\/\/www.todoeldia.com\/index.php\/wp-json\/wp\/v2\/categories?post=43589"},{"taxonomy":"post_tag","embeddable":true,"href":"https:\/\/www.todoeldia.com\/index.php\/wp-json\/wp\/v2\/tags?post=43589"}],"curies":[{"name":"wp","href":"https:\/\/api.w.org\/{rel}","templated":true}]}}