{"id":43599,"date":"2022-08-09T15:41:03","date_gmt":"2022-08-09T18:41:03","guid":{"rendered":"https:\/\/www.todoeldia.com\/?p=43599"},"modified":"2022-08-09T15:41:14","modified_gmt":"2022-08-09T18:41:14","slug":"inescrupulosos-arrojan-basura-en-la-quebrada-del-toro","status":"publish","type":"post","link":"https:\/\/www.todoeldia.com\/index.php\/2022\/08\/09\/inescrupulosos-arrojan-basura-en-la-quebrada-del-toro\/","title":{"rendered":"Inescrupulosos arrojan basura en la quebrada del Toro"},"content":{"rendered":"\n<p>Manos inescrupulosas &#8220;marcaron&#8221; un sitio a la vera de la Ruta Nacional 51 cerca de Alfarcito, en la Quebrada del Toro de Campo Quijano, y arrojaron all\u00ed toda su mugre. La imagen fue compartida por el sacerdote de la Quebrada, el padre Walter Medina.<\/p>\n\n\n\n<figure class=\"wp-block-video\"><video height=\"480\" style=\"aspect-ratio: 848 \/ 480;\" width=\"848\" controls src=\"https:\/\/www.todoeldia.com\/wp-content\/uploads\/2022\/08\/Basura-en-quebrada-del-toro.mp4\"><\/video><\/figure>\n\n\n\n<p>&#8220;Lamento compartir esto, pero creo que nos merecemos una reuni\u00f3n por el tema basura en la Quebrada del Toro. El tema es viejo. Hay buenas ideas, pero ya nos toca pasar a la acci\u00f3n. No dejemos que ensucien nuestra Quebrada&#8221;, manifest\u00f3 el padre, agregando que a estos micro basurales intencionales se suman los desechos de b\u00f3rax a lo largo del camino.<\/p>\n\n\n\n<p>&#8220;No se trata de buscar culpables. Una botella de pl\u00e1stico se tira desde un auto y tambi\u00e9n desde un caballo. Todos tenemos que cambiar. Pero en el cerro nos vemos obligados muchas veces a quemar basura y eso contamina. No hay un servicio de recolecci\u00f3n. Esto es lo que tenemos que buscar.&#8221;<\/p>\n\n\n\n<p>La Llave del Portal<\/p>\n","protected":false},"excerpt":{"rendered":"<p>Manos inescrupulosas &#8220;marcaron&#8221; un sitio a la vera de la Ruta Nacional 51 cerca de Alfarcito, en la Quebrada del Toro de Campo Quijano, y arrojaron all\u00ed toda su mugre. La imagen fue compartida por el sacerdote de la Quebrada, el padre Walter Medina. &#8220;Lamento compartir esto, pero creo que nos merecemos una reuni\u00f3n por [&hellip;]<\/p>\n","protected":false},"author":2,"featured_media":43600,"comment_status":"open","ping_status":"open","sticky":false,"template":"","format":"standard","meta":{"tdm_status":"","tdm_grid_status":"","_joinchat":[],"footnotes":""},"categories":[73],"tags":[],"class_list":{"0":"post-43599","1":"post","2":"type-post","3":"status-publish","4":"format-standard","5":"has-post-thumbnail","7":"category-noticias-general"},"amp_enabled":true,"_links":{"self":[{"href":"https:\/\/www.todoeldia.com\/index.php\/wp-json\/wp\/v2\/posts\/43599","targetHints":{"allow":["GET"]}}],"collection":[{"href":"https:\/\/www.todoeldia.com\/index.php\/wp-json\/wp\/v2\/posts"}],"about":[{"href":"https:\/\/www.todoeldia.com\/index.php\/wp-json\/wp\/v2\/types\/post"}],"author":[{"embeddable":true,"href":"https:\/\/www.todoeldia.com\/index.php\/wp-json\/wp\/v2\/users\/2"}],"replies":[{"embeddable":true,"href":"https:\/\/www.todoeldia.com\/index.php\/wp-json\/wp\/v2\/comments?post=43599"}],"version-history":[{"count":1,"href":"https:\/\/www.todoeldia.com\/index.php\/wp-json\/wp\/v2\/posts\/43599\/revisions"}],"predecessor-version":[{"id":43602,"href":"https:\/\/www.todoeldia.com\/index.php\/wp-json\/wp\/v2\/posts\/43599\/revisions\/43602"}],"wp:featuredmedia":[{"embeddable":true,"href":"https:\/\/www.todoeldia.com\/index.php\/wp-json\/wp\/v2\/media\/43600"}],"wp:attachment":[{"href":"https:\/\/www.todoeldia.com\/index.php\/wp-json\/wp\/v2\/media?parent=43599"}],"wp:term":[{"taxonomy":"category","embeddable":true,"href":"https:\/\/www.todoeldia.com\/index.php\/wp-json\/wp\/v2\/categories?post=43599"},{"taxonomy":"post_tag","embeddable":true,"href":"https:\/\/www.todoeldia.com\/index.php\/wp-json\/wp\/v2\/tags?post=43599"}],"curies":[{"name":"wp","href":"https:\/\/api.w.org\/{rel}","templated":true}]}}