{"id":43607,"date":"2022-08-09T19:45:52","date_gmt":"2022-08-09T22:45:52","guid":{"rendered":"https:\/\/www.todoeldia.com\/?p=43607"},"modified":"2022-08-09T19:45:53","modified_gmt":"2022-08-09T22:45:53","slug":"polemica-por-la-entrega-de-tablets-en-un-evento-convocado-por-el-senador-emiliano-durand","status":"publish","type":"post","link":"https:\/\/www.todoeldia.com\/index.php\/2022\/08\/09\/polemica-por-la-entrega-de-tablets-en-un-evento-convocado-por-el-senador-emiliano-durand\/","title":{"rendered":"Pol\u00e9mica por la entrega de tablets en un evento convocado por el senador Emiliano Durand"},"content":{"rendered":"\n<p>El legislador provincial reparti\u00f3 dispositivos del Enacom destinados a la poblaci\u00f3n vulnerable como premio al \u201cmejor bailar\u00edn\u201d. El titular del organismo nacional dijo que la actividad fue irregular.<\/p>\n\n\n\n<p>El legislador provincial reparti\u00f3 dispositivos del Enacom destinados a la poblaci\u00f3n vulnerable como premio al \u201cmejor bailar\u00edn\u201d. El titular del organismo nacional dijo que la actividad fue irregular.<\/p>\n\n\n\n<p>Tablets del ENACOM (Ente Nacional de Comunicaciones) que deber\u00edan destinarse a programas sociales para la poblaci\u00f3n m\u00e1s vulnerable fueron entregadas como premio al \u201cmejor bailar\u00edn\u201d en un evento que convoc\u00f3 el senador Emiliano Durand en el Delmi.<\/p>\n\n\n\n<p>&nbsp;\u201cTodo esto lo vamos a ir publicando en el Facebook, hacemos una gran foto con gente bailando y divirti\u00e9ndose. Al que tome la c\u00e1mara y est\u00e9 bailando&#8230; le damos una tablet\u201d, se lo escucha decir en videos que se compartieron en p\u00e1ginas de internet. De este modo, el legislador marc\u00f3 cu\u00e1l ser\u00eda la metodolog\u00eda para repartir los dispositivos tecnol\u00f3gicos.<\/p>\n\n\n\n<p>Las tablets son parte del programa \u201cConectando con Vos\u201d, que tiene el objetivo de promover \u201cel acceso equitativo a tecnolog\u00edas de la informaci\u00f3n y la comunicaci\u00f3n con el objetivo de facilitar la inserci\u00f3n, la integraci\u00f3n y el desarrollo social\u201d. Tiene un total de 140 mil equipos y un presupuesto de 3.500.000 pesos.<\/p>\n\n\n\n<p>La resoluci\u00f3n 448\/2021 del Enacom que regula la distribuci\u00f3n, marca que quienes pueden recibir los dispositivos puntualmente son: beneficarios de programas sociales, de las becas Progresar o Conectar Igualdad, jubilados, empleadas dom\u00e9sticas, clubes de barrios, desempleados o personas que cobren el seguro de desempleo, monotributistas sociales, personas que viven en alg\u00fan asentamiento incluido en el Registro Nacional de Barrios Populares&nbsp; y trabajadores o trabajadoras en relaci\u00f3n de dependencia que perciban una remuneraci\u00f3n bruta menor o igual a dos salarios m\u00ednimos vital y m\u00f3vil.<\/p>\n\n\n\n<p>El momento en que se promocionan las tablets.<\/p>\n\n\n\n<figure class=\"wp-block-image size-full\"><img loading=\"lazy\" decoding=\"async\" width=\"960\" height=\"548\" src=\"https:\/\/www.todoeldia.com\/wp-content\/uploads\/2022\/08\/image-50.png\" alt=\"\" class=\"wp-image-43609\" srcset=\"https:\/\/www.todoeldia.com\/wp-content\/uploads\/2022\/08\/image-50.png 960w, https:\/\/www.todoeldia.com\/wp-content\/uploads\/2022\/08\/image-50-300x171.png 300w, https:\/\/www.todoeldia.com\/wp-content\/uploads\/2022\/08\/image-50-768x438.png 768w, https:\/\/www.todoeldia.com\/wp-content\/uploads\/2022\/08\/image-50-696x397.png 696w, https:\/\/www.todoeldia.com\/wp-content\/uploads\/2022\/08\/image-50-736x420.png 736w\" sizes=\"auto, (max-width: 960px) 100vw, 960px\" \/><\/figure>\n\n\n\n<p>Consultado sobre esta entrega, por medios radiales el director del Enacom, Gonzalo Quilodr\u00e1n, advirti\u00f3 que fue irregular. \u201cEse, claramente, no es el procedimiento y hablaremos con las autoridades del caso\u201d indic\u00f3. Especific\u00f3 que se comunicar\u00eda con el ministro de gobierno Ricardo Villada para dialogar sobre lo sucedido, ya que el organismo nacional firma convenios con los gobiernos provinciales para que hagan llegar las computadoras a quienes las necesitan y que se debe cumplir con requisitos de trazabilidad y transparencia.<\/p>\n\n\n\n<p>Consultado sobre el tema, Ricardo Villada asegur\u00f3 hoy que desconoc\u00eda lo que pas\u00f3 por \u201cno haber estado en el lugar\u201d. Sin embargo admiti\u00f3 que \u201clas tablets que entrega el Enacom est\u00e1n destinadas a gente de bajo recursos\u201d. Luego, algo molesto con las preguntas de los periodistas sobre el tema, pidi\u00f3 consultar &#8220;a quien organiz\u00f3 el evento&#8221;, en referencia a Durand.<\/p>\n\n\n\n<figure class=\"wp-block-embed is-type-video is-provider-youtube wp-block-embed-youtube wp-embed-aspect-16-9 wp-has-aspect-ratio\"><div class=\"wp-block-embed__wrapper\">\n<iframe loading=\"lazy\" title=\"Pol\u00e9mica por la entrega de tablets en un evento convocado por el senador Emiliano Durand\" width=\"696\" height=\"392\" src=\"https:\/\/www.youtube.com\/embed\/uXoUQN8KKW0?feature=oembed\" frameborder=\"0\" allow=\"accelerometer; autoplay; clipboard-write; encrypted-media; gyroscope; picture-in-picture\" allowfullscreen><\/iframe>\n<\/div><\/figure>\n\n\n\n<p>Quilodr\u00e1n deslind\u00f3 responsabilidades del organismo nacional e indic\u00f3 que el Ente descentraliza las entregas y env\u00eda los equipos a los gobiernos provinciales o realiza acuerdos con organizaciones no gubernamentales, instituciones que act\u00faan de intermediarias para que lleguen a los beneficiarios.<\/p>\n\n\n\n<p>El titular del Enacom profundiz\u00f3 en los caminos institucionales que debe seguir cada entrega, e indic\u00f3 que a partir de los convenios hay un seguimiento de cada tablet y que se debe enviar un listado de potenciales beneficiarios para ser cruzado con el SINTyS, el Sistema de Identificaci\u00f3n Nacional Tributario y Social.<\/p>\n\n\n\n<p>Cabe recordar que el SINTyS tuvo a su cargo tambi\u00e9n el entrecruce de datos para el pago del IFE (Ingreso Familiar de Emergencia), ayuda que cobraron personas que no reun\u00edan los requisitos para recibirla, como funcionarios p\u00fablicos.<\/p>\n\n\n\n<p>Tres tablets<\/p>\n\n\n\n<p>En comunicaci\u00f3n con este medio, el senador Emiliano Durand indic\u00f3 que era un evento gratuito para emprendedores con previa inscripci\u00f3n por Whatsapp al que asistieron 2500 personas y sostuvo que el Gobierno les \u201cdon\u00f3\u201d 3 tablets para entregarlas a los asistentes. \u201cDesde hace rato el mismo ministro Villada y el Gobierno vienen apoyando a los emprendedores\u201d, argument\u00f3.<\/p>\n\n\n\n<p>Con respecto a la modalidad, explic\u00f3 que los emprendedores completaron papeles con sus datos para ver si cumpl\u00edan los requisitos. &#8220;Se complet\u00f3 una ficha, las personas tienen que brindar sus datos, re\u00fanen los requisitos y se entrega\u201d, justific\u00f3. Sobre la suerte de concurso de baile que se realiz\u00f3 para elegir a los ganadores indic\u00f3 que fue la forma &#8220;que se encontr\u00f3\u201d.<\/p>\n\n\n\n<p>Adem\u00e1s, trat\u00f3 de negar que haya usado los bienes de un programa nacional pagados con recursos p\u00fablicos para promocionarse pol\u00edticamente. \u201cNo hab\u00eda distintivo pol\u00edtico, ni ninguna cuesti\u00f3n pol\u00edtica alrededor del evento. No se entreg\u00f3 ninguna filiaci\u00f3n partidaria\u201d, asever\u00f3.<\/p>\n\n\n\n<p>En tanto, Quilodr\u00e1n asegur\u00f3 que supo de otros casos similares en otras provincias.\u00a0 No es la primera entrega de tablets que queda bajo la lupa por el uso de bienes del Estado con fines proselitistas. La diputada Laura Cartuccia tambi\u00e9n reparti\u00f3 cuatro en el merendero \u201cMiradas de Amor\u201d junto a la Fundaci\u00f3n Ciudadanos y agradeci\u00f3 expresamente la gesti\u00f3n del ministro Ricardo Villada para que eso hubiera sido posible. \u201cCon la entrega de tablets, damos un paso m\u00e1s en la inclusi\u00f3n digital en nuestra provincia\u201d, indic\u00f3 en referencia a los 4 dispositivos.<\/p>\n\n\n\n<p>Fuente: Diario El Tribuno<\/p>\n","protected":false},"excerpt":{"rendered":"<p>El legislador provincial reparti\u00f3 dispositivos del Enacom destinados a la poblaci\u00f3n vulnerable como premio al \u201cmejor bailar\u00edn\u201d. El titular del organismo nacional dijo que la actividad fue irregular. El legislador provincial reparti\u00f3 dispositivos del Enacom destinados a la poblaci\u00f3n vulnerable como premio al \u201cmejor bailar\u00edn\u201d. El titular del organismo nacional dijo que la actividad fue [&hellip;]<\/p>\n","protected":false},"author":2,"featured_media":43608,"comment_status":"open","ping_status":"open","sticky":false,"template":"","format":"standard","meta":{"tdm_status":"","tdm_grid_status":"","_joinchat":[],"footnotes":""},"categories":[59],"tags":[],"class_list":{"0":"post-43607","1":"post","2":"type-post","3":"status-publish","4":"format-standard","5":"has-post-thumbnail","7":"category-politica"},"amp_enabled":true,"_links":{"self":[{"href":"https:\/\/www.todoeldia.com\/index.php\/wp-json\/wp\/v2\/posts\/43607","targetHints":{"allow":["GET"]}}],"collection":[{"href":"https:\/\/www.todoeldia.com\/index.php\/wp-json\/wp\/v2\/posts"}],"about":[{"href":"https:\/\/www.todoeldia.com\/index.php\/wp-json\/wp\/v2\/types\/post"}],"author":[{"embeddable":true,"href":"https:\/\/www.todoeldia.com\/index.php\/wp-json\/wp\/v2\/users\/2"}],"replies":[{"embeddable":true,"href":"https:\/\/www.todoeldia.com\/index.php\/wp-json\/wp\/v2\/comments?post=43607"}],"version-history":[{"count":1,"href":"https:\/\/www.todoeldia.com\/index.php\/wp-json\/wp\/v2\/posts\/43607\/revisions"}],"predecessor-version":[{"id":43610,"href":"https:\/\/www.todoeldia.com\/index.php\/wp-json\/wp\/v2\/posts\/43607\/revisions\/43610"}],"wp:featuredmedia":[{"embeddable":true,"href":"https:\/\/www.todoeldia.com\/index.php\/wp-json\/wp\/v2\/media\/43608"}],"wp:attachment":[{"href":"https:\/\/www.todoeldia.com\/index.php\/wp-json\/wp\/v2\/media?parent=43607"}],"wp:term":[{"taxonomy":"category","embeddable":true,"href":"https:\/\/www.todoeldia.com\/index.php\/wp-json\/wp\/v2\/categories?post=43607"},{"taxonomy":"post_tag","embeddable":true,"href":"https:\/\/www.todoeldia.com\/index.php\/wp-json\/wp\/v2\/tags?post=43607"}],"curies":[{"name":"wp","href":"https:\/\/api.w.org\/{rel}","templated":true}]}}