{"id":43611,"date":"2022-08-09T19:54:08","date_gmt":"2022-08-09T22:54:08","guid":{"rendered":"https:\/\/www.todoeldia.com\/?p=43611"},"modified":"2022-08-09T19:54:10","modified_gmt":"2022-08-09T22:54:10","slug":"dos-detenidos-por-un-homicidio-en-el-asentamiento-los-pinos","status":"publish","type":"post","link":"https:\/\/www.todoeldia.com\/index.php\/2022\/08\/09\/dos-detenidos-por-un-homicidio-en-el-asentamiento-los-pinos\/","title":{"rendered":"Dos detenidos por un homicidio en el asentamiento Los Pinos"},"content":{"rendered":"\n<p>Dos hombres de 22 y 39 a\u00f1os, fueron detenidos e imputados como principales sospechosos del homicidio de un hombre de 27 a\u00f1os, ocurrido el pasado domingo por la tarde en inmediaciones del relleno sanitario San Javier. Uno de los acusados declar\u00f3 y el otro se abstuvo de hacerlo.<\/p>\n\n\n\n<p>El fiscal penal 1 de la Unidad de Graves Atentados contra las Personas, Leandro Flores, imput\u00f3 en forma provisional a dos hombres de 22 y 39 a\u00f1os como coautores del delito de homicidio simple en perjuicio de Mauro Gonzalo Chilo.<\/p>\n\n\n\n<p>De las primeras tareas investigativas desplegadas, personal de la Unidad de Investigaci\u00f3n de la UGAP, logr\u00f3 individualizar a los acusados como los principales sospechosos del hecho ocurrido el pasado domingo en una zona descampada de asentamiento Los Pinos de la ciudad de Salta.<\/p>\n\n\n\n<p>El imputado de 22 a\u00f1os estuvo acompa\u00f1ado de un defensor p\u00fablico y se abstuvo de declarar; mientras que el coimputado de 39 a\u00f1os estuvo representado por una defensora particular y prest\u00f3 declaraci\u00f3n durante la audiencia de imputaci\u00f3n, dando su versi\u00f3n de lo sucedido.<\/p>\n\n\n\n<p>Desde la Fiscal\u00eda se solicit\u00f3 al Juzgado de Garant\u00edas interviniente que se mantenga la detenci\u00f3n de los acusados, mientras se cumplen diversas medidas dispuestas por el fiscal Flores para lograr el esclarecimiento del hecho.<\/p>\n","protected":false},"excerpt":{"rendered":"<p>Dos hombres de 22 y 39 a\u00f1os, fueron detenidos e imputados como principales sospechosos del homicidio de un hombre de 27 a\u00f1os, ocurrido el pasado domingo por la tarde en inmediaciones del relleno sanitario San Javier. Uno de los acusados declar\u00f3 y el otro se abstuvo de hacerlo. El fiscal penal 1 de la Unidad [&hellip;]<\/p>\n","protected":false},"author":2,"featured_media":43455,"comment_status":"open","ping_status":"open","sticky":false,"template":"","format":"standard","meta":{"tdm_status":"","tdm_grid_status":"","_joinchat":[],"footnotes":""},"categories":[63],"tags":[],"class_list":{"0":"post-43611","1":"post","2":"type-post","3":"status-publish","4":"format-standard","5":"has-post-thumbnail","7":"category-policiales"},"amp_enabled":true,"_links":{"self":[{"href":"https:\/\/www.todoeldia.com\/index.php\/wp-json\/wp\/v2\/posts\/43611","targetHints":{"allow":["GET"]}}],"collection":[{"href":"https:\/\/www.todoeldia.com\/index.php\/wp-json\/wp\/v2\/posts"}],"about":[{"href":"https:\/\/www.todoeldia.com\/index.php\/wp-json\/wp\/v2\/types\/post"}],"author":[{"embeddable":true,"href":"https:\/\/www.todoeldia.com\/index.php\/wp-json\/wp\/v2\/users\/2"}],"replies":[{"embeddable":true,"href":"https:\/\/www.todoeldia.com\/index.php\/wp-json\/wp\/v2\/comments?post=43611"}],"version-history":[{"count":1,"href":"https:\/\/www.todoeldia.com\/index.php\/wp-json\/wp\/v2\/posts\/43611\/revisions"}],"predecessor-version":[{"id":43612,"href":"https:\/\/www.todoeldia.com\/index.php\/wp-json\/wp\/v2\/posts\/43611\/revisions\/43612"}],"wp:featuredmedia":[{"embeddable":true,"href":"https:\/\/www.todoeldia.com\/index.php\/wp-json\/wp\/v2\/media\/43455"}],"wp:attachment":[{"href":"https:\/\/www.todoeldia.com\/index.php\/wp-json\/wp\/v2\/media?parent=43611"}],"wp:term":[{"taxonomy":"category","embeddable":true,"href":"https:\/\/www.todoeldia.com\/index.php\/wp-json\/wp\/v2\/categories?post=43611"},{"taxonomy":"post_tag","embeddable":true,"href":"https:\/\/www.todoeldia.com\/index.php\/wp-json\/wp\/v2\/tags?post=43611"}],"curies":[{"name":"wp","href":"https:\/\/api.w.org\/{rel}","templated":true}]}}