{"id":44040,"date":"2022-08-17T11:04:34","date_gmt":"2022-08-17T14:04:34","guid":{"rendered":"https:\/\/www.todoeldia.com\/?p=44040"},"modified":"2022-08-17T11:04:35","modified_gmt":"2022-08-17T14:04:35","slug":"juicio-para-una-madre-que-golpeo-a-su-beba-de-1-mes-de-vida","status":"publish","type":"post","link":"https:\/\/www.todoeldia.com\/index.php\/2022\/08\/17\/juicio-para-una-madre-que-golpeo-a-su-beba-de-1-mes-de-vida\/","title":{"rendered":"Juicio para una madre que golpeo a su beba de 1 mes de vida"},"content":{"rendered":"\n<p>En otras oportunidades, la madre ya habr\u00eda golpeado a su hija, seg\u00fan denunci\u00f3 su concu\u00f1ada. El m\u00e9dico constat\u00f3 las lesiones.<\/p>\n\n\n\n<p>El fiscal penal de Rosario de Lerma, Daniel Escalante, requiri\u00f3 ante el Juzgado de Garant\u00edas 6, la elevaci\u00f3n a juicio de la causa en la que una mujer de 24 a\u00f1os fue imputada por el delito de lesiones leves agravadas por el v\u00ednculo, en perjuicio de su hija de un mes de vida.<\/p>\n\n\n\n<p>El hecho del que tom\u00f3 intervenci\u00f3n el fiscal Escalante, ocurri\u00f3 el pasado 7 de abril, en Barrio San Jorge de Rosario de Lerma, oportunidad en que la mujer agredi\u00f3 f\u00edsicamente a su hija de un mes, con un golpe a mano abierta en el rostro.<\/p>\n\n\n\n<p>La denuncia hab\u00eda sido radicada por la concu\u00f1ada de la acusada, quien, al ser advertida de que la mujer le estaba pegando a la beba, se dirigi\u00f3 a la vivienda que colinda con la suya y al ingresar, observ\u00f3 que le dio un golpe de mano abierta en el rostro.<\/p>\n\n\n\n<p>En el fundamento de la acusaci\u00f3n, el fiscal de Rosario de Lerma sostiene que con los elementos que obran en la causa, se halla suficientemente acreditada la existencia del delito y la responsabilidad penal de la imputada.<\/p>\n\n\n\n<p>Cabe recordar que el m\u00e9dico legal emiti\u00f3 el informe, luego de examinar a la ni\u00f1a, quien constat\u00f3 que presentaba \u201cequimosis azulada incipiente en regi\u00f3n de mejilla izquierda. Lesiones recientes, producidas al golpearse o ser golpeada con o contra elemento romo duro y\/o contundente\u201d.<\/p>\n","protected":false},"excerpt":{"rendered":"<p>En otras oportunidades, la madre ya habr\u00eda golpeado a su hija, seg\u00fan denunci\u00f3 su concu\u00f1ada. El m\u00e9dico constat\u00f3 las lesiones. El fiscal penal de Rosario de Lerma, Daniel Escalante, requiri\u00f3 ante el Juzgado de Garant\u00edas 6, la elevaci\u00f3n a juicio de la causa en la que una mujer de 24 a\u00f1os fue imputada por el [&hellip;]<\/p>\n","protected":false},"author":2,"featured_media":44041,"comment_status":"open","ping_status":"open","sticky":false,"template":"","format":"standard","meta":{"tdm_status":"","tdm_grid_status":"","_joinchat":[],"footnotes":""},"categories":[63],"tags":[],"class_list":{"0":"post-44040","1":"post","2":"type-post","3":"status-publish","4":"format-standard","5":"has-post-thumbnail","7":"category-policiales"},"amp_enabled":true,"_links":{"self":[{"href":"https:\/\/www.todoeldia.com\/index.php\/wp-json\/wp\/v2\/posts\/44040","targetHints":{"allow":["GET"]}}],"collection":[{"href":"https:\/\/www.todoeldia.com\/index.php\/wp-json\/wp\/v2\/posts"}],"about":[{"href":"https:\/\/www.todoeldia.com\/index.php\/wp-json\/wp\/v2\/types\/post"}],"author":[{"embeddable":true,"href":"https:\/\/www.todoeldia.com\/index.php\/wp-json\/wp\/v2\/users\/2"}],"replies":[{"embeddable":true,"href":"https:\/\/www.todoeldia.com\/index.php\/wp-json\/wp\/v2\/comments?post=44040"}],"version-history":[{"count":1,"href":"https:\/\/www.todoeldia.com\/index.php\/wp-json\/wp\/v2\/posts\/44040\/revisions"}],"predecessor-version":[{"id":44042,"href":"https:\/\/www.todoeldia.com\/index.php\/wp-json\/wp\/v2\/posts\/44040\/revisions\/44042"}],"wp:featuredmedia":[{"embeddable":true,"href":"https:\/\/www.todoeldia.com\/index.php\/wp-json\/wp\/v2\/media\/44041"}],"wp:attachment":[{"href":"https:\/\/www.todoeldia.com\/index.php\/wp-json\/wp\/v2\/media?parent=44040"}],"wp:term":[{"taxonomy":"category","embeddable":true,"href":"https:\/\/www.todoeldia.com\/index.php\/wp-json\/wp\/v2\/categories?post=44040"},{"taxonomy":"post_tag","embeddable":true,"href":"https:\/\/www.todoeldia.com\/index.php\/wp-json\/wp\/v2\/tags?post=44040"}],"curies":[{"name":"wp","href":"https:\/\/api.w.org\/{rel}","templated":true}]}}