{"id":44057,"date":"2022-08-17T12:06:03","date_gmt":"2022-08-17T15:06:03","guid":{"rendered":"https:\/\/www.todoeldia.com\/?p=44057"},"modified":"2022-08-17T12:06:05","modified_gmt":"2022-08-17T15:06:05","slug":"entro-a-robar-ropa-se-la-puso-e-intento-escapar-por-los-techos","status":"publish","type":"post","link":"https:\/\/www.todoeldia.com\/index.php\/2022\/08\/17\/entro-a-robar-ropa-se-la-puso-e-intento-escapar-por-los-techos\/","title":{"rendered":"Entro a robar ropa se la puso e intent\u00f3 escapar por los techos"},"content":{"rendered":"\n<p>El hombre habr\u00eda intentado sustraer pertenencias del domicilio, para luego huir por los techos, siendo detenido. El fiscal solicit\u00f3 la prisi\u00f3n preventiva.<\/p>\n\n\n\n<p>El fiscal penal 5, Federico Jovanovics, imput\u00f3 de manera provisional por la presunta comisi\u00f3n del delito de hurto calificado por escalamiento en grado de tentativa, a un hombre de 33 a\u00f1os.<\/p>\n\n\n\n<p>Conforme a la denuncia radicada por el damnificado, el hecho sucedi\u00f3 el pasado 8 de agosto, cuando el acusado habr\u00eda escalado por el frente e ingresado a una vivienda de Avenida Independencia, tomando en su poder y sin ejercer violencia, prendas con las que se habr\u00eda vestido.<\/p>\n\n\n\n<p>El acusado fue sorprendido por la esposa y un hijo del denunciante, previo a intentar darse a la fuga por los techos de los domicilios colindantes, pudiendo dar aviso tanto al damnificado como al personal policial.<\/p>\n\n\n\n<p>Al momento de ser demorado, el sospechoso ten\u00eda en su poder un par de zapatillas, un pantal\u00f3n y un acolchado, todo de propiedad del damnificado.<\/p>\n\n\n\n<p>Durante la audiencia de imputaci\u00f3n, el acusado se neg\u00f3 a declarar y el fiscal Jovanovics solicit\u00f3 ante el juzgado de garant\u00edas en turno, la prisi\u00f3n preventiva.<\/p>\n","protected":false},"excerpt":{"rendered":"<p>El hombre habr\u00eda intentado sustraer pertenencias del domicilio, para luego huir por los techos, siendo detenido. El fiscal solicit\u00f3 la prisi\u00f3n preventiva. El fiscal penal 5, Federico Jovanovics, imput\u00f3 de manera provisional por la presunta comisi\u00f3n del delito de hurto calificado por escalamiento en grado de tentativa, a un hombre de 33 a\u00f1os. Conforme a [&hellip;]<\/p>\n","protected":false},"author":2,"featured_media":44061,"comment_status":"open","ping_status":"open","sticky":false,"template":"","format":"standard","meta":{"tdm_status":"","tdm_grid_status":"","_joinchat":[],"footnotes":""},"categories":[63],"tags":[],"class_list":{"0":"post-44057","1":"post","2":"type-post","3":"status-publish","4":"format-standard","5":"has-post-thumbnail","7":"category-policiales"},"amp_enabled":true,"_links":{"self":[{"href":"https:\/\/www.todoeldia.com\/index.php\/wp-json\/wp\/v2\/posts\/44057","targetHints":{"allow":["GET"]}}],"collection":[{"href":"https:\/\/www.todoeldia.com\/index.php\/wp-json\/wp\/v2\/posts"}],"about":[{"href":"https:\/\/www.todoeldia.com\/index.php\/wp-json\/wp\/v2\/types\/post"}],"author":[{"embeddable":true,"href":"https:\/\/www.todoeldia.com\/index.php\/wp-json\/wp\/v2\/users\/2"}],"replies":[{"embeddable":true,"href":"https:\/\/www.todoeldia.com\/index.php\/wp-json\/wp\/v2\/comments?post=44057"}],"version-history":[{"count":1,"href":"https:\/\/www.todoeldia.com\/index.php\/wp-json\/wp\/v2\/posts\/44057\/revisions"}],"predecessor-version":[{"id":44062,"href":"https:\/\/www.todoeldia.com\/index.php\/wp-json\/wp\/v2\/posts\/44057\/revisions\/44062"}],"wp:featuredmedia":[{"embeddable":true,"href":"https:\/\/www.todoeldia.com\/index.php\/wp-json\/wp\/v2\/media\/44061"}],"wp:attachment":[{"href":"https:\/\/www.todoeldia.com\/index.php\/wp-json\/wp\/v2\/media?parent=44057"}],"wp:term":[{"taxonomy":"category","embeddable":true,"href":"https:\/\/www.todoeldia.com\/index.php\/wp-json\/wp\/v2\/categories?post=44057"},{"taxonomy":"post_tag","embeddable":true,"href":"https:\/\/www.todoeldia.com\/index.php\/wp-json\/wp\/v2\/tags?post=44057"}],"curies":[{"name":"wp","href":"https:\/\/api.w.org\/{rel}","templated":true}]}}