{"id":44103,"date":"2022-08-18T13:47:32","date_gmt":"2022-08-18T16:47:32","guid":{"rendered":"https:\/\/www.todoeldia.com\/?p=44103"},"modified":"2022-08-18T13:47:33","modified_gmt":"2022-08-18T16:47:33","slug":"la-procuracion-pedira-el-desarchivo-de-la-causa-la-cienaga-contra-juan-carlos-romero","status":"publish","type":"post","link":"https:\/\/www.todoeldia.com\/index.php\/2022\/08\/18\/la-procuracion-pedira-el-desarchivo-de-la-causa-la-cienaga-contra-juan-carlos-romero\/","title":{"rendered":"La Procuraci\u00f3n pedir\u00e1 el desarchivo de la causa La Ci\u00e9naga contra Juan Carlos Romero"},"content":{"rendered":"\n<p>Lo adelant\u00f3 por Aries el procurador General de la Provincia, Pedro Garc\u00eda Castiella. Se\u00f1al\u00f3 que la causa est\u00e1 en una situaci\u00f3n de indefinici\u00f3n que debe resolverse.<\/p>\n\n\n\n<p>El Procurador record\u00f3 por Aries que en el a\u00f1o 2018 se declar\u00f3 la nulidad de todo lo actuado en la causa, lo que gener\u00f3 una situaci\u00f3n jur\u00eddica \u201cat\u00edpica e inusual\u201d dado que ese fallo del Tribunal de Impugnaci\u00f3n, al determinar la nulidad del requerimiento de instrucci\u00f3n invocando presuntas contradicciones y falta de precisiones, lleg\u00f3 a determinar tambi\u00e9n la nulidad del avocamiento del juez que hab\u00eda trabajado en esa causa.<\/p>\n\n\n\n<p>A todo ello se suma el hecho de que, cuando la causa lleg\u00f3 al juez Pereyra, con competencia en transici\u00f3n, dispuso su archivo. As\u00ed, pese a que hubo planteos de los acusados e inclusive un pedido de sobreseimiento de la defensa del Senador, nada se resolvi\u00f3 bajo el argumento del archivo.<\/p>\n\n\n\n<p>As\u00ed las cosas, y despu\u00e9s de que la Corte Suprema de Justicia de la Naci\u00f3n resolviera a favor de la decisi\u00f3n de la Corte de Justicia de Salta de apartar al juez del Tribunal de Impugnaci\u00f3n, la causa qued\u00f3 \u201cen una situaci\u00f3n actual de indefinici\u00f3n que, necesariamente, debe resolverse\u201d.<\/p>\n\n\n\n<p>&nbsp;\u201cLa casusa est\u00e1 mandada a archivo por disposici\u00f3n del juez de transici\u00f3n. Lo que se est\u00e1 analizando es que se va a solicitar el desarchivo y analizar, dentro de todo este contexto de complejidades y nulidades, la forma de reencausar porque no es una causa que est\u00e9 concluida\u201d, se\u00f1al\u00f3 Garc\u00eda Castiella.<\/p>\n\n\n\n<p>Adem\u00e1s, consultado sobre las decisiones judiciales en torno a la causa y sus implicancias pol\u00edticas, se limit\u00f3 a decir: \u201cNo entiendo que haya que analizarlo desde el punto de vista de responsabilidades pol\u00edticas. Esas decisiones, que fueron durante 2017, 2018, tuvieron la firma de 6 o 7 jueces. Puede ser opinable o no la forma en que han resuelto, pero las decisiones jur\u00eddicas no son materia de determinaci\u00f3n de responsabilidades pol\u00edticas\u201d.<\/p>\n\n\n\n<p>\u201cTodos los delitos de la Provincia se van a investigar c\u00f3mo se est\u00e1 haciendo. Esto est\u00e1 en una situaci\u00f3n de indefinici\u00f3n que amerita una respuesta del Estado\u201d, concluy\u00f3 el Procurador.<\/p>\n","protected":false},"excerpt":{"rendered":"<p>Lo adelant\u00f3 por Aries el procurador General de la Provincia, Pedro Garc\u00eda Castiella. Se\u00f1al\u00f3 que la causa est\u00e1 en una situaci\u00f3n de indefinici\u00f3n que debe resolverse. El Procurador record\u00f3 por Aries que en el a\u00f1o 2018 se declar\u00f3 la nulidad de todo lo actuado en la causa, lo que gener\u00f3 una situaci\u00f3n jur\u00eddica \u201cat\u00edpica e [&hellip;]<\/p>\n","protected":false},"author":2,"featured_media":44105,"comment_status":"open","ping_status":"open","sticky":false,"template":"","format":"standard","meta":{"tdm_status":"","tdm_grid_status":"","_joinchat":[],"footnotes":""},"categories":[59],"tags":[],"class_list":{"0":"post-44103","1":"post","2":"type-post","3":"status-publish","4":"format-standard","5":"has-post-thumbnail","7":"category-politica"},"amp_enabled":true,"_links":{"self":[{"href":"https:\/\/www.todoeldia.com\/index.php\/wp-json\/wp\/v2\/posts\/44103","targetHints":{"allow":["GET"]}}],"collection":[{"href":"https:\/\/www.todoeldia.com\/index.php\/wp-json\/wp\/v2\/posts"}],"about":[{"href":"https:\/\/www.todoeldia.com\/index.php\/wp-json\/wp\/v2\/types\/post"}],"author":[{"embeddable":true,"href":"https:\/\/www.todoeldia.com\/index.php\/wp-json\/wp\/v2\/users\/2"}],"replies":[{"embeddable":true,"href":"https:\/\/www.todoeldia.com\/index.php\/wp-json\/wp\/v2\/comments?post=44103"}],"version-history":[{"count":1,"href":"https:\/\/www.todoeldia.com\/index.php\/wp-json\/wp\/v2\/posts\/44103\/revisions"}],"predecessor-version":[{"id":44106,"href":"https:\/\/www.todoeldia.com\/index.php\/wp-json\/wp\/v2\/posts\/44103\/revisions\/44106"}],"wp:featuredmedia":[{"embeddable":true,"href":"https:\/\/www.todoeldia.com\/index.php\/wp-json\/wp\/v2\/media\/44105"}],"wp:attachment":[{"href":"https:\/\/www.todoeldia.com\/index.php\/wp-json\/wp\/v2\/media?parent=44103"}],"wp:term":[{"taxonomy":"category","embeddable":true,"href":"https:\/\/www.todoeldia.com\/index.php\/wp-json\/wp\/v2\/categories?post=44103"},{"taxonomy":"post_tag","embeddable":true,"href":"https:\/\/www.todoeldia.com\/index.php\/wp-json\/wp\/v2\/tags?post=44103"}],"curies":[{"name":"wp","href":"https:\/\/api.w.org\/{rel}","templated":true}]}}