{"id":44109,"date":"2022-08-18T13:57:01","date_gmt":"2022-08-18T16:57:01","guid":{"rendered":"https:\/\/www.todoeldia.com\/?p=44109"},"modified":"2022-08-18T13:57:02","modified_gmt":"2022-08-18T16:57:02","slug":"echaron-de-un-bar-a-un-agente-penitenciario-volvio-y-les-disparo-a-todos-con-una-escopeta","status":"publish","type":"post","link":"https:\/\/www.todoeldia.com\/index.php\/2022\/08\/18\/echaron-de-un-bar-a-un-agente-penitenciario-volvio-y-les-disparo-a-todos-con-una-escopeta\/","title":{"rendered":"Echaron de un bar a un agente penitenciario, volvi\u00f3 y les disparo a todos con una escopeta"},"content":{"rendered":"\n<p>Amenaz\u00f3 con un cuchillo y dispar\u00f3 cinco veces. Qued\u00f3 detenido por abuso de armas.<\/p>\n\n\n\n<p>El acontecimiento sucedi\u00f3 en la ciudad de Mercedes (Provincia de Buenos Aires) cuando un hombre fue echado de un bar y, furioso con esta decisi\u00f3n por parte del personal, se acerc\u00f3 a su auto y volvi\u00f3 al lugar con una escopeta calibre 16 para comenzar un ataque violento contra los empleados del sitio. Amenaz\u00f3 al personal con un cuchillo y dispar\u00f3 cinco veces.<\/p>\n\n\n\n<figure class=\"wp-block-video\"><video height=\"348\" style=\"aspect-ratio: 640 \/ 348;\" width=\"640\" controls src=\"https:\/\/www.todoeldia.com\/wp-content\/uploads\/2022\/08\/penitenciario-dispara-en-un-bar.mp4\"><\/video><\/figure>\n\n\n\n<p>A\u00fan no se conoci\u00f3 la identidad del atacante, pero se sabe que se trata de un miembro del Servicio Penitenciario Bonaerense, que trabaja en la c\u00e1rcel Campana. El hombre qued\u00f3 detenido por abuso de armas de fuego y amenazas por el violento acontecimiento.<\/p>\n\n\n\n<p>Todo sucedi\u00f3 cerca de las 6:30 del lunes en el bar \u201cUh!Meda?\u201d ubicado en Calle 178 y Colectora Sur de la mencionada localidad, cuando el hombre de 30 a\u00f1os comenz\u00f3 a generar disturbios dentro del lugar y el personal de seguridad le pidi\u00f3 que se retire.<\/p>\n\n\n\n<p>El momento m\u00e1s tensionante<\/p>\n\n\n\n<p>El agente penitenciario, en ese momento, sali\u00f3 amenazando a los dem\u00e1s y se subi\u00f3 a su auto. En ese momento le insistieron para que se fuera del bar, pero sac\u00f3 un cuchillo y retom\u00f3 sus agresiones contra los empleados de seguridad y algunos clientes que trataban de calmar la tensi\u00f3n.<\/p>\n\n\n\n<p>Minutos despu\u00e9s volvi\u00f3 a ingresar, pero esta vez, a los escopetazos. Sin mediar palabra, el hombre abri\u00f3 fuego contra las personas que, asustadas, buscaban resguardarse en cualquier rinc\u00f3n. Recorri\u00f3 toda la inmediaci\u00f3n a los tiros y sali\u00f3 al patio del local. Afuera se encontr\u00f3 con una mujer escondida que hab\u00eda querido agredir previamente con el cuchillo. Asustada, al escuchar su celular sonar, grit\u00f3 que hab\u00eda dado aviso a la polic\u00eda y el agresor se lo sac\u00f3 mientras la amenazaba con el arma. Finalmente, personal policial lleg\u00f3 al lugar y lo detuvo.<\/p>\n\n\n\n<p>Para la causa tom\u00f3 intervenci\u00f3n la UFI N\u00b06 del Departamento Judicial de Mercedes. Adem\u00e1s de analizar las c\u00e1maras de seguridad, se realizaron peritajes y se secuestraron diversos elementos de inter\u00e9s para la investigaci\u00f3n como la escopeta, el cuchillo y los cartuchos que llevaba en el veh\u00edculo.<\/p>\n","protected":false},"excerpt":{"rendered":"<p>Amenaz\u00f3 con un cuchillo y dispar\u00f3 cinco veces. Qued\u00f3 detenido por abuso de armas. El acontecimiento sucedi\u00f3 en la ciudad de Mercedes (Provincia de Buenos Aires) cuando un hombre fue echado de un bar y, furioso con esta decisi\u00f3n por parte del personal, se acerc\u00f3 a su auto y volvi\u00f3 al lugar con una escopeta [&hellip;]<\/p>\n","protected":false},"author":2,"featured_media":44111,"comment_status":"open","ping_status":"open","sticky":false,"template":"","format":"standard","meta":{"tdm_status":"","tdm_grid_status":"","_joinchat":[],"footnotes":""},"categories":[63],"tags":[],"class_list":{"0":"post-44109","1":"post","2":"type-post","3":"status-publish","4":"format-standard","5":"has-post-thumbnail","7":"category-policiales"},"amp_enabled":true,"_links":{"self":[{"href":"https:\/\/www.todoeldia.com\/index.php\/wp-json\/wp\/v2\/posts\/44109","targetHints":{"allow":["GET"]}}],"collection":[{"href":"https:\/\/www.todoeldia.com\/index.php\/wp-json\/wp\/v2\/posts"}],"about":[{"href":"https:\/\/www.todoeldia.com\/index.php\/wp-json\/wp\/v2\/types\/post"}],"author":[{"embeddable":true,"href":"https:\/\/www.todoeldia.com\/index.php\/wp-json\/wp\/v2\/users\/2"}],"replies":[{"embeddable":true,"href":"https:\/\/www.todoeldia.com\/index.php\/wp-json\/wp\/v2\/comments?post=44109"}],"version-history":[{"count":1,"href":"https:\/\/www.todoeldia.com\/index.php\/wp-json\/wp\/v2\/posts\/44109\/revisions"}],"predecessor-version":[{"id":44112,"href":"https:\/\/www.todoeldia.com\/index.php\/wp-json\/wp\/v2\/posts\/44109\/revisions\/44112"}],"wp:featuredmedia":[{"embeddable":true,"href":"https:\/\/www.todoeldia.com\/index.php\/wp-json\/wp\/v2\/media\/44111"}],"wp:attachment":[{"href":"https:\/\/www.todoeldia.com\/index.php\/wp-json\/wp\/v2\/media?parent=44109"}],"wp:term":[{"taxonomy":"category","embeddable":true,"href":"https:\/\/www.todoeldia.com\/index.php\/wp-json\/wp\/v2\/categories?post=44109"},{"taxonomy":"post_tag","embeddable":true,"href":"https:\/\/www.todoeldia.com\/index.php\/wp-json\/wp\/v2\/tags?post=44109"}],"curies":[{"name":"wp","href":"https:\/\/api.w.org\/{rel}","templated":true}]}}