{"id":44117,"date":"2022-08-18T15:12:02","date_gmt":"2022-08-18T18:12:02","guid":{"rendered":"https:\/\/www.todoeldia.com\/?p=44117"},"modified":"2022-08-18T15:12:04","modified_gmt":"2022-08-18T18:12:04","slug":"un-hombre-murio-en-colonia-santa-rosa-en-forma-violenta-apunalado-en-el-cuello","status":"publish","type":"post","link":"https:\/\/www.todoeldia.com\/index.php\/2022\/08\/18\/un-hombre-murio-en-colonia-santa-rosa-en-forma-violenta-apunalado-en-el-cuello\/","title":{"rendered":"Un hombre muri\u00f3 en Colonia Santa Rosa en forma violenta apu\u00f1alado en el cuello"},"content":{"rendered":"\n<p>Un hombre de 31 a\u00f1os fue herido en la zona del cuello con un elemento cortante cuando se retiraba el pasado viernes de su jornada laboral en una finca.<\/p>\n\n\n\n<p>Habr\u00eda mantenido una discusi\u00f3n con otros hombres y tras ser lesionado, lo trasladaron al hospital local, donde falleci\u00f3.<\/p>\n\n\n\n<p>La fiscal penal de la Unidad de Graves Atentados contra las Personas de Or\u00e1n, Claudia Carreras, investiga el homicidio de un hombre de 31 a\u00f1os, ocurrido el pasado viernes en una finca de Colonia Santa Rosa.<\/p>\n\n\n\n<p>El llamado de alerta se realiz\u00f3 desde el hospital local, cuando ingres\u00f3 un paciente con heridas en la zona del cuello y debido a la gravedad de las lesiones, falleci\u00f3.<\/p>\n\n\n\n<p>Desde la Fiscal\u00eda se dispuso el cumplimiento de numerosas medidas tendientes a lograr el esclarecimiento del hecho y la detenci\u00f3n de \u00e9l o los causantes.<\/p>\n","protected":false},"excerpt":{"rendered":"<p>Un hombre de 31 a\u00f1os fue herido en la zona del cuello con un elemento cortante cuando se retiraba el pasado viernes de su jornada laboral en una finca. Habr\u00eda mantenido una discusi\u00f3n con otros hombres y tras ser lesionado, lo trasladaron al hospital local, donde falleci\u00f3. La fiscal penal de la Unidad de Graves [&hellip;]<\/p>\n","protected":false},"author":2,"featured_media":27023,"comment_status":"open","ping_status":"open","sticky":false,"template":"","format":"standard","meta":{"tdm_status":"","tdm_grid_status":"","_joinchat":[],"footnotes":""},"categories":[63],"tags":[],"class_list":{"0":"post-44117","1":"post","2":"type-post","3":"status-publish","4":"format-standard","5":"has-post-thumbnail","7":"category-policiales"},"amp_enabled":true,"_links":{"self":[{"href":"https:\/\/www.todoeldia.com\/index.php\/wp-json\/wp\/v2\/posts\/44117","targetHints":{"allow":["GET"]}}],"collection":[{"href":"https:\/\/www.todoeldia.com\/index.php\/wp-json\/wp\/v2\/posts"}],"about":[{"href":"https:\/\/www.todoeldia.com\/index.php\/wp-json\/wp\/v2\/types\/post"}],"author":[{"embeddable":true,"href":"https:\/\/www.todoeldia.com\/index.php\/wp-json\/wp\/v2\/users\/2"}],"replies":[{"embeddable":true,"href":"https:\/\/www.todoeldia.com\/index.php\/wp-json\/wp\/v2\/comments?post=44117"}],"version-history":[{"count":1,"href":"https:\/\/www.todoeldia.com\/index.php\/wp-json\/wp\/v2\/posts\/44117\/revisions"}],"predecessor-version":[{"id":44118,"href":"https:\/\/www.todoeldia.com\/index.php\/wp-json\/wp\/v2\/posts\/44117\/revisions\/44118"}],"wp:featuredmedia":[{"embeddable":true,"href":"https:\/\/www.todoeldia.com\/index.php\/wp-json\/wp\/v2\/media\/27023"}],"wp:attachment":[{"href":"https:\/\/www.todoeldia.com\/index.php\/wp-json\/wp\/v2\/media?parent=44117"}],"wp:term":[{"taxonomy":"category","embeddable":true,"href":"https:\/\/www.todoeldia.com\/index.php\/wp-json\/wp\/v2\/categories?post=44117"},{"taxonomy":"post_tag","embeddable":true,"href":"https:\/\/www.todoeldia.com\/index.php\/wp-json\/wp\/v2\/tags?post=44117"}],"curies":[{"name":"wp","href":"https:\/\/api.w.org\/{rel}","templated":true}]}}