{"id":44155,"date":"2022-08-19T10:43:53","date_gmt":"2022-08-19T13:43:53","guid":{"rendered":"https:\/\/www.todoeldia.com\/?p=44155"},"modified":"2022-08-19T10:43:55","modified_gmt":"2022-08-19T13:43:55","slug":"son-3-las-personas-aisladas-por-la-viruela-del-mono-en-bermejo-en-la-frontera-con-aguas-blancas","status":"publish","type":"post","link":"https:\/\/www.todoeldia.com\/index.php\/2022\/08\/19\/son-3-las-personas-aisladas-por-la-viruela-del-mono-en-bermejo-en-la-frontera-con-aguas-blancas\/","title":{"rendered":"Son 3 las personas aisladas por la viruela del mono en Bermejo en la frontera con Aguas Blancas"},"content":{"rendered":"\n<p>Ayer las autoridades sanitarias de Bolivia procedieron a aislar a dos personas m\u00e1s que tuvieron contacto con el sospechoso de haberse contagiado de la viruela del mono<\/p>\n\n\n\n<p>El Servicio Departamental de Salud de Bermejo (Bolivia) en la frontera con Aguas Blancas dio a conocer el primer caso sospechoso de viruela del mono en Tarija, trat\u00e1ndose de un chofer de taxi que trabaja en el sector de las chalanas en el rio.<\/p>\n\n\n\n<p>&nbsp;\u201cEsta persona se encuentra aislada en su casa y tambi\u00e9n se ha aislado a dos personas de su familia con las que tiene contacto\u201d, dijo a Radio Fides el director de epidemiologia Jos\u00e9 Villena.<\/p>\n\n\n\n<p>El SEDES inform\u00f3 que la muestra fue enviada a un laboratorio de Santa Cruz y esperan confirmar o descartar el caso hasta ma\u00f1ana s\u00e1bado.<\/p>\n\n\n\n<p>\u201cEs una enfermedad que se transmite por el contacto de fluidos, relaciones sexuales, contacto con heridas de una persona infectada o utilizando ropa del enfermo\u201d, explic\u00f3 Villena.<\/p>\n\n\n\n<p>Sin embargo, no se descarta otro tipo de contagios, la enfermedad tiene una baja letalidad por lo que pidi\u00f3 a la poblaci\u00f3n no alarmarse, pero si tener precauci\u00f3n con el modo de transmisi\u00f3n del virus.<\/p>\n","protected":false},"excerpt":{"rendered":"<p>Ayer las autoridades sanitarias de Bolivia procedieron a aislar a dos personas m\u00e1s que tuvieron contacto con el sospechoso de haberse contagiado de la viruela del mono El Servicio Departamental de Salud de Bermejo (Bolivia) en la frontera con Aguas Blancas dio a conocer el primer caso sospechoso de viruela del mono en Tarija, trat\u00e1ndose [&hellip;]<\/p>\n","protected":false},"author":2,"featured_media":13718,"comment_status":"open","ping_status":"open","sticky":false,"template":"","format":"standard","meta":{"tdm_status":"","tdm_grid_status":"","_joinchat":[],"footnotes":""},"categories":[73],"tags":[],"class_list":{"0":"post-44155","1":"post","2":"type-post","3":"status-publish","4":"format-standard","5":"has-post-thumbnail","7":"category-noticias-general"},"amp_enabled":true,"_links":{"self":[{"href":"https:\/\/www.todoeldia.com\/index.php\/wp-json\/wp\/v2\/posts\/44155","targetHints":{"allow":["GET"]}}],"collection":[{"href":"https:\/\/www.todoeldia.com\/index.php\/wp-json\/wp\/v2\/posts"}],"about":[{"href":"https:\/\/www.todoeldia.com\/index.php\/wp-json\/wp\/v2\/types\/post"}],"author":[{"embeddable":true,"href":"https:\/\/www.todoeldia.com\/index.php\/wp-json\/wp\/v2\/users\/2"}],"replies":[{"embeddable":true,"href":"https:\/\/www.todoeldia.com\/index.php\/wp-json\/wp\/v2\/comments?post=44155"}],"version-history":[{"count":1,"href":"https:\/\/www.todoeldia.com\/index.php\/wp-json\/wp\/v2\/posts\/44155\/revisions"}],"predecessor-version":[{"id":44156,"href":"https:\/\/www.todoeldia.com\/index.php\/wp-json\/wp\/v2\/posts\/44155\/revisions\/44156"}],"wp:featuredmedia":[{"embeddable":true,"href":"https:\/\/www.todoeldia.com\/index.php\/wp-json\/wp\/v2\/media\/13718"}],"wp:attachment":[{"href":"https:\/\/www.todoeldia.com\/index.php\/wp-json\/wp\/v2\/media?parent=44155"}],"wp:term":[{"taxonomy":"category","embeddable":true,"href":"https:\/\/www.todoeldia.com\/index.php\/wp-json\/wp\/v2\/categories?post=44155"},{"taxonomy":"post_tag","embeddable":true,"href":"https:\/\/www.todoeldia.com\/index.php\/wp-json\/wp\/v2\/tags?post=44155"}],"curies":[{"name":"wp","href":"https:\/\/api.w.org\/{rel}","templated":true}]}}