{"id":44160,"date":"2022-08-19T11:02:18","date_gmt":"2022-08-19T14:02:18","guid":{"rendered":"https:\/\/www.todoeldia.com\/?p=44160"},"modified":"2022-08-19T11:02:20","modified_gmt":"2022-08-19T14:02:20","slug":"gustavo-saenz-integrara-una-mision-argentina-a-estados-unidos-el-mes-proximo","status":"publish","type":"post","link":"https:\/\/www.todoeldia.com\/index.php\/2022\/08\/19\/gustavo-saenz-integrara-una-mision-argentina-a-estados-unidos-el-mes-proximo\/","title":{"rendered":"Gustavo S\u00e1enz integrar\u00e1 una misi\u00f3n argentina a Estados Unidos el mes pr\u00f3ximo"},"content":{"rendered":"\n<p>El Gobernador disert\u00f3 en la 19\u00b0 edici\u00f3n del Consejo de las Am\u00e9ricas, que reuni\u00f3 a los pol\u00edticos, dirigentes y empresarios m\u00e1s influyentes del continente. En este foro insisti\u00f3 en que, para lograr ingresos genuinos, empleo y progreso se debe implementar un plan de acci\u00f3n de desarrollo en sectores estrat\u00e9gicos.<\/p>\n\n\n\n<p>En esa oportunidad el embajador argentino en Estados Unidos, Jorge Arg\u00fcello, dijo que septiembre ser\u00e1 \u201cun mes movido en los Estados Unidos\u201d por las visitas programadas del presidente Alberto Fern\u00e1ndez; del ministro de Econom\u00eda, Sergio Massa; y finalmente de una comitiva de diez gobernadores, entre los que se cuenta el gobernador Gustavo S\u00e1enz, oportunidad en la que \u201cvamos a convertir la Embajada en una ronda de negocios\u201d, anticip\u00f3 el diplom\u00e1tico.<\/p>\n\n\n\n<p>El mandatario salte\u00f1o particip\u00f3 junto a los gobernadores de Jujuy, Gerardo Morales y de Mendoza, Rodolfo Su\u00e1rez, especialmente invitados por el Consejo de las Am\u00e9ricas, una organizaci\u00f3n de empresarios estadounidenses que impulsa el libre comercio y los mercados abiertos en todo el continente.<\/p>\n\n\n\n<p>Hacia fines del mes pr\u00f3ximo, una comitiva de gobernadores estar\u00e1 en Washington: \u201cVamos a convertir la Embajada en una ronda de negocios\u201d, anticip\u00f3 el embajador argentino en Estados Unidos.<\/p>\n\n\n\n<p>La misi\u00f3n comercial estar\u00e1 integrada por los gobernadores de Salta, Gustavo S\u00e1enz; de Jujuy, Gerardo Morales; de Tucum\u00e1n, Osvaldo Jaldo; de Santiago del Estero, Gerardo Zamora; de Catamarca, Ra\u00fal Jalil; de La Rioja, Ricardo Quintela; de Corrientes, Gustavo Vald\u00e9s; de Chaco, Jorge Capitanich; de Misiones, Oscar Herrera Ahuad; y de Formosa, Gildo Insfr\u00e1n.<\/p>\n\n\n\n<p>Arg\u00fcello mantuvo un di\u00e1logo abierto con el embajador de los Estados Unidos en la Argentina, Marc Stanley, en el marco de la decimonovena edici\u00f3n del Consejo de las Am\u00e9ricas, c\u00f3nclave que por primera vez despu\u00e9s de tres a\u00f1os se realiz\u00f3 con formato presencial en la ciudad Buenos Aires, tras dos ediciones virtuales a ra\u00edz de la pandemia de coronavirus.<\/p>\n","protected":false},"excerpt":{"rendered":"<p>El Gobernador disert\u00f3 en la 19\u00b0 edici\u00f3n del Consejo de las Am\u00e9ricas, que reuni\u00f3 a los pol\u00edticos, dirigentes y empresarios m\u00e1s influyentes del continente. En este foro insisti\u00f3 en que, para lograr ingresos genuinos, empleo y progreso se debe implementar un plan de acci\u00f3n de desarrollo en sectores estrat\u00e9gicos. En esa oportunidad el embajador argentino [&hellip;]<\/p>\n","protected":false},"author":2,"featured_media":44161,"comment_status":"open","ping_status":"open","sticky":false,"template":"","format":"standard","meta":{"tdm_status":"","tdm_grid_status":"","_joinchat":[],"footnotes":""},"categories":[59],"tags":[],"class_list":{"0":"post-44160","1":"post","2":"type-post","3":"status-publish","4":"format-standard","5":"has-post-thumbnail","7":"category-politica"},"amp_enabled":true,"_links":{"self":[{"href":"https:\/\/www.todoeldia.com\/index.php\/wp-json\/wp\/v2\/posts\/44160","targetHints":{"allow":["GET"]}}],"collection":[{"href":"https:\/\/www.todoeldia.com\/index.php\/wp-json\/wp\/v2\/posts"}],"about":[{"href":"https:\/\/www.todoeldia.com\/index.php\/wp-json\/wp\/v2\/types\/post"}],"author":[{"embeddable":true,"href":"https:\/\/www.todoeldia.com\/index.php\/wp-json\/wp\/v2\/users\/2"}],"replies":[{"embeddable":true,"href":"https:\/\/www.todoeldia.com\/index.php\/wp-json\/wp\/v2\/comments?post=44160"}],"version-history":[{"count":1,"href":"https:\/\/www.todoeldia.com\/index.php\/wp-json\/wp\/v2\/posts\/44160\/revisions"}],"predecessor-version":[{"id":44162,"href":"https:\/\/www.todoeldia.com\/index.php\/wp-json\/wp\/v2\/posts\/44160\/revisions\/44162"}],"wp:featuredmedia":[{"embeddable":true,"href":"https:\/\/www.todoeldia.com\/index.php\/wp-json\/wp\/v2\/media\/44161"}],"wp:attachment":[{"href":"https:\/\/www.todoeldia.com\/index.php\/wp-json\/wp\/v2\/media?parent=44160"}],"wp:term":[{"taxonomy":"category","embeddable":true,"href":"https:\/\/www.todoeldia.com\/index.php\/wp-json\/wp\/v2\/categories?post=44160"},{"taxonomy":"post_tag","embeddable":true,"href":"https:\/\/www.todoeldia.com\/index.php\/wp-json\/wp\/v2\/tags?post=44160"}],"curies":[{"name":"wp","href":"https:\/\/api.w.org\/{rel}","templated":true}]}}