{"id":44188,"date":"2022-08-19T12:34:25","date_gmt":"2022-08-19T15:34:25","guid":{"rendered":"https:\/\/www.todoeldia.com\/?p=44188"},"modified":"2022-08-19T12:34:27","modified_gmt":"2022-08-19T15:34:27","slug":"se-robo-y-faeno-un-ternero-en-quijano","status":"publish","type":"post","link":"https:\/\/www.todoeldia.com\/index.php\/2022\/08\/19\/se-robo-y-faeno-un-ternero-en-quijano\/","title":{"rendered":"Se rob\u00f3 y faen\u00f3 un ternero en Quijano"},"content":{"rendered":"\n<p>El hombre habr\u00eda realizado una faena clandestina en inmediaciones de Paraje Potrero de Uriburu. Se procedi\u00f3 a su detenci\u00f3n y se secuestraron varios kilos de carne y elementos usados para el faenamiento.<\/p>\n\n\n\n<p>El fiscal penal de Rosario de Lerma, Daniel Escalante, imput\u00f3 de manera provisional por la presunta comisi\u00f3n del delito de abigeato, a un hombre de 41 a\u00f1os.<\/p>\n\n\n\n<p>Conforme a las actuaciones, el hecho sucedi\u00f3 el pasado 12 de agosto cuando personal policial, alertado por un llamado telef\u00f3nico, se desplaz\u00f3 hasta ruta provincial 94, altura Finca La Lagunilla y Finca Puerta del Cielo y en un paraje de Potrero de Uriburu constataron que, en el interior de una vivienda, sobre una pirca de piedra, se encontraban restos de un animal vacuno faenado.<\/p>\n\n\n\n<p>Distante unos metros, unos hombres manipulaban el cuero del animal, reconociendo uno de ellos ante la consulta, que no pose\u00edan registro de marca y se\u00f1al. Al no poder acreditar la propiedad del vacuno faenado, se condujo al acusado a la dependencia de La Silleta.<\/p>\n\n\n\n<p>Adem\u00e1s, se procedi\u00f3 al secuestro de 130 kilos de producto c\u00e1rnico, sierras, cuchillo y gu\u00eda de transferencia de ganado, expedida por la municipalidad de Campo Quijano.<\/p>\n\n\n\n<p>Durante la audiencia de imputaci\u00f3n, el acusado dio su versi\u00f3n de los hechos y el fiscal Escalante solicit\u00f3 ante el juzgado de garant\u00edas en turno, el mantenimiento de detenci\u00f3n.<\/p>\n","protected":false},"excerpt":{"rendered":"<p>El hombre habr\u00eda realizado una faena clandestina en inmediaciones de Paraje Potrero de Uriburu. Se procedi\u00f3 a su detenci\u00f3n y se secuestraron varios kilos de carne y elementos usados para el faenamiento. El fiscal penal de Rosario de Lerma, Daniel Escalante, imput\u00f3 de manera provisional por la presunta comisi\u00f3n del delito de abigeato, a un [&hellip;]<\/p>\n","protected":false},"author":2,"featured_media":38040,"comment_status":"open","ping_status":"open","sticky":false,"template":"","format":"standard","meta":{"tdm_status":"","tdm_grid_status":"","_joinchat":[],"footnotes":""},"categories":[63],"tags":[],"class_list":{"0":"post-44188","1":"post","2":"type-post","3":"status-publish","4":"format-standard","5":"has-post-thumbnail","7":"category-policiales"},"amp_enabled":true,"_links":{"self":[{"href":"https:\/\/www.todoeldia.com\/index.php\/wp-json\/wp\/v2\/posts\/44188","targetHints":{"allow":["GET"]}}],"collection":[{"href":"https:\/\/www.todoeldia.com\/index.php\/wp-json\/wp\/v2\/posts"}],"about":[{"href":"https:\/\/www.todoeldia.com\/index.php\/wp-json\/wp\/v2\/types\/post"}],"author":[{"embeddable":true,"href":"https:\/\/www.todoeldia.com\/index.php\/wp-json\/wp\/v2\/users\/2"}],"replies":[{"embeddable":true,"href":"https:\/\/www.todoeldia.com\/index.php\/wp-json\/wp\/v2\/comments?post=44188"}],"version-history":[{"count":1,"href":"https:\/\/www.todoeldia.com\/index.php\/wp-json\/wp\/v2\/posts\/44188\/revisions"}],"predecessor-version":[{"id":44189,"href":"https:\/\/www.todoeldia.com\/index.php\/wp-json\/wp\/v2\/posts\/44188\/revisions\/44189"}],"wp:featuredmedia":[{"embeddable":true,"href":"https:\/\/www.todoeldia.com\/index.php\/wp-json\/wp\/v2\/media\/38040"}],"wp:attachment":[{"href":"https:\/\/www.todoeldia.com\/index.php\/wp-json\/wp\/v2\/media?parent=44188"}],"wp:term":[{"taxonomy":"category","embeddable":true,"href":"https:\/\/www.todoeldia.com\/index.php\/wp-json\/wp\/v2\/categories?post=44188"},{"taxonomy":"post_tag","embeddable":true,"href":"https:\/\/www.todoeldia.com\/index.php\/wp-json\/wp\/v2\/tags?post=44188"}],"curies":[{"name":"wp","href":"https:\/\/api.w.org\/{rel}","templated":true}]}}