{"id":44198,"date":"2022-08-19T12:59:20","date_gmt":"2022-08-19T15:59:20","guid":{"rendered":"https:\/\/www.todoeldia.com\/?p=44198"},"modified":"2022-08-19T12:59:21","modified_gmt":"2022-08-19T15:59:21","slug":"brutal-crimen-en-balvanera-identificaron-al-asesino-y-esta-preso-desde-marzo","status":"publish","type":"post","link":"https:\/\/www.todoeldia.com\/index.php\/2022\/08\/19\/brutal-crimen-en-balvanera-identificaron-al-asesino-y-esta-preso-desde-marzo\/","title":{"rendered":"Brutal crimen en Balvanera: identificaron al asesino y est\u00e1 preso desde marzo"},"content":{"rendered":"\n<p>Luego de que se difundieran im\u00e1genes del ataque, la investigaci\u00f3n determin\u00f3 que el principal sospechoso estaba detenido hace casi 6 meses.<\/p>\n\n\n\n<p>A d\u00edas de darse a conocer im\u00e1genes del brutal crimen en Balvanera, ocurrido en febrero, la Divisi\u00f3n Homicidios de la Polic\u00eda Federal pudo identificar al delincuente que mat\u00f3 a pu\u00f1aladas a un hombre.<\/p>\n\n\n\n<p>Durante el fin de semana pasado se difundieron videos donde se observa como el delincuente se abalanza sobre un joven colombiano y lo apu\u00f1ala 14 veces para robarle el celular. Ante la imposibilidad de detenci\u00f3n y reconocimiento, la justicia solicit\u00f3 difusi\u00f3n y a partir de all\u00ed y de diversos llamados se pudo apuntar la investigaci\u00f3n a una persona en particular.<\/p>\n\n\n\n<p>Los tatuajes que tiene el hombre en su antebrazo, mano derecha y en el cuello permitieron su identificaci\u00f3n. Se trata de Dar\u00edo Ricardo Espinoza de 34 a\u00f1os que viv\u00eda a metros de donde realiz\u00f3 el asesinato. Se comprob\u00f3 que ten\u00eda un extenso prontuario de antecedentes delictivos contra ciudadanos y la propiedad.<\/p>\n\n\n\n<p>Luego de su identikit la justicia comenz\u00f3 con las tareas para encontrarlo y descubrieron que el hombre de 34 a\u00f1os est\u00e1 detenido desde marzo de 2022 por un robo en la c\u00e1rcel de Ezeiza perteneciente al Servicio Penitenciario Federal.<\/p>\n\n\n\n<p>Indagatoria del detenido<\/p>\n\n\n\n<p>Ahora el acusado ser\u00e1 indagado en los pr\u00f3ximos d\u00edas por el fiscal Vismara y por el juez Schelgel por el homicidio de Juan Carlos Gonz\u00e1lez Mahecha de 49 a\u00f1os el pasado 6 de febrero en la calle Catamarca al 100.<\/p>\n\n\n\n<p>&#8220;La secuencia qued\u00f3 registrada en una c\u00e1mara de seguridad de la zona, donde se observa al atacante, quien tiene tez blanca, pelo casta\u00f1o y una altura estimada de entre 1.70 y 1,75 metros. Adem\u00e1s, tendr\u00eda dos tatuajes: uno en el antebrazo izquierdo y otro en el lado izquierdo del cuello, debajo de la oreja&#8221;, describi\u00f3 la fiscal\u00eda al divulgar el video e im\u00e1genes.<\/p>\n\n\n\n<p>Aunque se ve que Espinoza lo apu\u00f1ala y luego le roba el celular, la investigaci\u00f3n que se lleva adelante indica que al parecer hubo una pelea entre los protagonistas en un bar y que lamentablemente termin\u00f3 con la vida del ciudadano colombiano minutos despu\u00e9s.<\/p>\n","protected":false},"excerpt":{"rendered":"<p>Luego de que se difundieran im\u00e1genes del ataque, la investigaci\u00f3n determin\u00f3 que el principal sospechoso estaba detenido hace casi 6 meses. A d\u00edas de darse a conocer im\u00e1genes del brutal crimen en Balvanera, ocurrido en febrero, la Divisi\u00f3n Homicidios de la Polic\u00eda Federal pudo identificar al delincuente que mat\u00f3 a pu\u00f1aladas a un hombre. Durante [&hellip;]<\/p>\n","protected":false},"author":2,"featured_media":44199,"comment_status":"open","ping_status":"open","sticky":false,"template":"","format":"standard","meta":{"tdm_status":"","tdm_grid_status":"","_joinchat":[],"footnotes":""},"categories":[63],"tags":[],"class_list":{"0":"post-44198","1":"post","2":"type-post","3":"status-publish","4":"format-standard","5":"has-post-thumbnail","7":"category-policiales"},"amp_enabled":true,"_links":{"self":[{"href":"https:\/\/www.todoeldia.com\/index.php\/wp-json\/wp\/v2\/posts\/44198","targetHints":{"allow":["GET"]}}],"collection":[{"href":"https:\/\/www.todoeldia.com\/index.php\/wp-json\/wp\/v2\/posts"}],"about":[{"href":"https:\/\/www.todoeldia.com\/index.php\/wp-json\/wp\/v2\/types\/post"}],"author":[{"embeddable":true,"href":"https:\/\/www.todoeldia.com\/index.php\/wp-json\/wp\/v2\/users\/2"}],"replies":[{"embeddable":true,"href":"https:\/\/www.todoeldia.com\/index.php\/wp-json\/wp\/v2\/comments?post=44198"}],"version-history":[{"count":1,"href":"https:\/\/www.todoeldia.com\/index.php\/wp-json\/wp\/v2\/posts\/44198\/revisions"}],"predecessor-version":[{"id":44200,"href":"https:\/\/www.todoeldia.com\/index.php\/wp-json\/wp\/v2\/posts\/44198\/revisions\/44200"}],"wp:featuredmedia":[{"embeddable":true,"href":"https:\/\/www.todoeldia.com\/index.php\/wp-json\/wp\/v2\/media\/44199"}],"wp:attachment":[{"href":"https:\/\/www.todoeldia.com\/index.php\/wp-json\/wp\/v2\/media?parent=44198"}],"wp:term":[{"taxonomy":"category","embeddable":true,"href":"https:\/\/www.todoeldia.com\/index.php\/wp-json\/wp\/v2\/categories?post=44198"},{"taxonomy":"post_tag","embeddable":true,"href":"https:\/\/www.todoeldia.com\/index.php\/wp-json\/wp\/v2\/tags?post=44198"}],"curies":[{"name":"wp","href":"https:\/\/api.w.org\/{rel}","templated":true}]}}