{"id":44207,"date":"2022-08-19T14:22:13","date_gmt":"2022-08-19T17:22:13","guid":{"rendered":"https:\/\/www.todoeldia.com\/?p=44207"},"modified":"2022-08-19T14:22:14","modified_gmt":"2022-08-19T17:22:14","slug":"tres-meses-de-carcel-para-dos-delincuentes-por-robarse-una-escalera","status":"publish","type":"post","link":"https:\/\/www.todoeldia.com\/index.php\/2022\/08\/19\/tres-meses-de-carcel-para-dos-delincuentes-por-robarse-una-escalera\/","title":{"rendered":"Tres meses de c\u00e1rcel para dos delincuentes por robarse una escalera"},"content":{"rendered":"\n<p>El denunciante cont\u00f3 que la madrugada del 10 de junio pasado escuch\u00f3 ruidos de chapas. Aclar\u00f3 que est\u00e1 construyendo en el frente de su casa, ubicada en la avenida Gurruchaga.<\/p>\n\n\n\n<p>Cuando sali\u00f3 a ver lo que estaba pasando advirti\u00f3 que le faltaba la escalera de madera que ten\u00eda en el lugar. Su vecino de al lado, que ya hab\u00eda llamado a la polic\u00eda, vio a cuando dos hombres sal\u00edan del lugar cargando lo sustra\u00eddo.<\/p>\n\n\n\n<p>Tres efectivos policiales que hac\u00edan rondas a bordo de un m\u00f3vil observaron a dos hombres que caminaban por calle Costa Rica, en el barrio Ampliaci\u00f3n Juanita. Ellos, al advertir la presencia de la polic\u00eda arrojaron la escalera. Ante esta actitud sospechosa, fueron detenidos. Cuando llegaron a la Comisar\u00eda se dieron con la novedad del llamado del vecino del denunciante, que informaba precisamente la sustracci\u00f3n de la escalera.<\/p>\n\n\n\n<p>La jueza de Garant\u00edas 8, Claudia Puertas, conden\u00f3 a un hombre de 46 a\u00f1os y a otro de 38 a la pena de tres meses de prisi\u00f3n efectiva, por ser autores del delito de hurto simple.<\/p>\n\n\n\n<p>Atento a los antecedentes condenatorios que registraban los dos, uno de ellos fue declarado reincidente por primera vez, mientras que el otro lo fue por segunda vez.<\/p>\n\n\n\n<p>Los dos seguir\u00e1n detenidos hasta cumplir su condena.<\/p>\n","protected":false},"excerpt":{"rendered":"<p>El denunciante cont\u00f3 que la madrugada del 10 de junio pasado escuch\u00f3 ruidos de chapas. Aclar\u00f3 que est\u00e1 construyendo en el frente de su casa, ubicada en la avenida Gurruchaga. Cuando sali\u00f3 a ver lo que estaba pasando advirti\u00f3 que le faltaba la escalera de madera que ten\u00eda en el lugar. Su vecino de al [&hellip;]<\/p>\n","protected":false},"author":2,"featured_media":44208,"comment_status":"open","ping_status":"open","sticky":false,"template":"","format":"standard","meta":{"tdm_status":"","tdm_grid_status":"","_joinchat":[],"footnotes":""},"categories":[63],"tags":[],"class_list":{"0":"post-44207","1":"post","2":"type-post","3":"status-publish","4":"format-standard","5":"has-post-thumbnail","7":"category-policiales"},"amp_enabled":true,"_links":{"self":[{"href":"https:\/\/www.todoeldia.com\/index.php\/wp-json\/wp\/v2\/posts\/44207","targetHints":{"allow":["GET"]}}],"collection":[{"href":"https:\/\/www.todoeldia.com\/index.php\/wp-json\/wp\/v2\/posts"}],"about":[{"href":"https:\/\/www.todoeldia.com\/index.php\/wp-json\/wp\/v2\/types\/post"}],"author":[{"embeddable":true,"href":"https:\/\/www.todoeldia.com\/index.php\/wp-json\/wp\/v2\/users\/2"}],"replies":[{"embeddable":true,"href":"https:\/\/www.todoeldia.com\/index.php\/wp-json\/wp\/v2\/comments?post=44207"}],"version-history":[{"count":1,"href":"https:\/\/www.todoeldia.com\/index.php\/wp-json\/wp\/v2\/posts\/44207\/revisions"}],"predecessor-version":[{"id":44209,"href":"https:\/\/www.todoeldia.com\/index.php\/wp-json\/wp\/v2\/posts\/44207\/revisions\/44209"}],"wp:featuredmedia":[{"embeddable":true,"href":"https:\/\/www.todoeldia.com\/index.php\/wp-json\/wp\/v2\/media\/44208"}],"wp:attachment":[{"href":"https:\/\/www.todoeldia.com\/index.php\/wp-json\/wp\/v2\/media?parent=44207"}],"wp:term":[{"taxonomy":"category","embeddable":true,"href":"https:\/\/www.todoeldia.com\/index.php\/wp-json\/wp\/v2\/categories?post=44207"},{"taxonomy":"post_tag","embeddable":true,"href":"https:\/\/www.todoeldia.com\/index.php\/wp-json\/wp\/v2\/tags?post=44207"}],"curies":[{"name":"wp","href":"https:\/\/api.w.org\/{rel}","templated":true}]}}