{"id":44215,"date":"2022-08-20T13:11:21","date_gmt":"2022-08-20T16:11:21","guid":{"rendered":"https:\/\/www.todoeldia.com\/?p=44215"},"modified":"2022-08-20T13:11:22","modified_gmt":"2022-08-20T16:11:22","slug":"padre-abuso-y-embarazo-a-su-hija-con-retraso-mental-y-paralisis-cerebral-infantil","status":"publish","type":"post","link":"https:\/\/www.todoeldia.com\/index.php\/2022\/08\/20\/padre-abuso-y-embarazo-a-su-hija-con-retraso-mental-y-paralisis-cerebral-infantil\/","title":{"rendered":"Padre abus\u00f3 y embaraz\u00f3 a su hija con retraso mental y par\u00e1lisis cerebral infantil"},"content":{"rendered":"\n<p>Se abri\u00f3 decreto de imputaci\u00f3n contra los padres de una mujer que padece retraso mental moderado, par\u00e1lisis cerebral infantil y cuadriplejia esp\u00e1stica, tras comprobar gen\u00e9ticamente que fue abusada sexualmente por su padre, con el encubrimiento de su madre.<\/p>\n\n\n\n<p>El fiscal penal Oscar L\u00f3pez Ibarra, subrogante en la Fiscal\u00eda Penal de Joaqu\u00edn V. Gonz\u00e1lez, a trav\u00e9s de la Delegaci\u00f3n Las Lajitas, abri\u00f3 decreto de imputaci\u00f3n para un hombre de 62 a\u00f1os como autor del delito de abuso sexual con acceso carnal agravado por el v\u00ednculo y para su esposa, de 57 a\u00f1os por el delito de encubrimiento agravado.<\/p>\n\n\n\n<p>La investigaci\u00f3n se inici\u00f3 a partir de la denuncia de un profesional m\u00e9dico del hospital de Las Lajitas, quien atendi\u00f3 a una paciente de 34 a\u00f1os con diagn\u00f3stico de retraso mental moderado, par\u00e1lisis cerebral infantil y cuadriplejia esp\u00e1stica y detect\u00f3 que cursaba un embarazo.<\/p>\n\n\n\n<p>Debido a su condici\u00f3n general de salud, sus progenitores solicitaron la interrupci\u00f3n del embarazo y ante la sospecha de que la mujer hubiera sido v\u00edctima de un delito contra su integridad sexual, desde la Fiscal\u00eda se solicit\u00f3 que se reservaran muestras del feto para realizar futuros estudios gen\u00e9ticos.<\/p>\n\n\n\n<p>Del an\u00e1lisis de testimonios recibidos, la entrevista mediante c\u00e1mara Gesell con la damnificada y otras medidas dispuestas, se identific\u00f3 a su padre como el principal sospechoso, lo que se pudo comprobar con el resultado del cotejo gen\u00e9tico realizado por el Servicio de Biolog\u00eda Molecular Forense del Cuerpo de Investigaciones Fiscales.<\/p>\n\n\n\n<p>Este viernes se realiz\u00f3 la audiencia de imputaci\u00f3n a la mujer de 57 a\u00f1os, quien, asistida por un defensor oficial, prest\u00f3 declaraci\u00f3n, dando su versi\u00f3n de lo ocurrido. Se solicit\u00f3 que se mantenga su detenci\u00f3n.<\/p>\n\n\n\n<p>En cuanto al acusado de 62 a\u00f1os ser\u00e1 imputado la semana pr\u00f3xima, cuando reciba el alta del hospital local, donde fue internado con custodia policial.<\/p>\n\n\n\n<p>Cabe destacar que la Asesor\u00eda de Menores e Incapaces tambi\u00e9n radic\u00f3 denuncias contra los progenitores de la mujer damnificada.<\/p>\n","protected":false},"excerpt":{"rendered":"<p>Se abri\u00f3 decreto de imputaci\u00f3n contra los padres de una mujer que padece retraso mental moderado, par\u00e1lisis cerebral infantil y cuadriplejia esp\u00e1stica, tras comprobar gen\u00e9ticamente que fue abusada sexualmente por su padre, con el encubrimiento de su madre. El fiscal penal Oscar L\u00f3pez Ibarra, subrogante en la Fiscal\u00eda Penal de Joaqu\u00edn V. Gonz\u00e1lez, a trav\u00e9s [&hellip;]<\/p>\n","protected":false},"author":2,"featured_media":40355,"comment_status":"open","ping_status":"open","sticky":false,"template":"","format":"standard","meta":{"tdm_status":"","tdm_grid_status":"","_joinchat":[],"footnotes":""},"categories":[1],"tags":[],"class_list":{"0":"post-44215","1":"post","2":"type-post","3":"status-publish","4":"format-standard","5":"has-post-thumbnail","7":"category-sin-categoria"},"amp_enabled":true,"_links":{"self":[{"href":"https:\/\/www.todoeldia.com\/index.php\/wp-json\/wp\/v2\/posts\/44215","targetHints":{"allow":["GET"]}}],"collection":[{"href":"https:\/\/www.todoeldia.com\/index.php\/wp-json\/wp\/v2\/posts"}],"about":[{"href":"https:\/\/www.todoeldia.com\/index.php\/wp-json\/wp\/v2\/types\/post"}],"author":[{"embeddable":true,"href":"https:\/\/www.todoeldia.com\/index.php\/wp-json\/wp\/v2\/users\/2"}],"replies":[{"embeddable":true,"href":"https:\/\/www.todoeldia.com\/index.php\/wp-json\/wp\/v2\/comments?post=44215"}],"version-history":[{"count":1,"href":"https:\/\/www.todoeldia.com\/index.php\/wp-json\/wp\/v2\/posts\/44215\/revisions"}],"predecessor-version":[{"id":44216,"href":"https:\/\/www.todoeldia.com\/index.php\/wp-json\/wp\/v2\/posts\/44215\/revisions\/44216"}],"wp:featuredmedia":[{"embeddable":true,"href":"https:\/\/www.todoeldia.com\/index.php\/wp-json\/wp\/v2\/media\/40355"}],"wp:attachment":[{"href":"https:\/\/www.todoeldia.com\/index.php\/wp-json\/wp\/v2\/media?parent=44215"}],"wp:term":[{"taxonomy":"category","embeddable":true,"href":"https:\/\/www.todoeldia.com\/index.php\/wp-json\/wp\/v2\/categories?post=44215"},{"taxonomy":"post_tag","embeddable":true,"href":"https:\/\/www.todoeldia.com\/index.php\/wp-json\/wp\/v2\/tags?post=44215"}],"curies":[{"name":"wp","href":"https:\/\/api.w.org\/{rel}","templated":true}]}}