{"id":44298,"date":"2022-08-22T19:55:01","date_gmt":"2022-08-22T22:55:01","guid":{"rendered":"https:\/\/www.todoeldia.com\/?p=44298"},"modified":"2022-08-22T19:55:03","modified_gmt":"2022-08-22T22:55:03","slug":"alberto-fernandez-esta-de-festejo","status":"publish","type":"post","link":"https:\/\/www.todoeldia.com\/index.php\/2022\/08\/22\/alberto-fernandez-esta-de-festejo\/","title":{"rendered":"\u00bfAlberto Fern\u00e1ndez esta de festejo?"},"content":{"rendered":"\n<p>Despu\u00e9s del pedido de prisi\u00f3n a 12 a\u00f1os solicitado por el fiscal Diego Luciani para la vicepresidenta Cristina Fern\u00e1ndez de Kirchner, Alberto Fern\u00e1ndez afirm\u00f3 que se trata de \u201cuna persecuci\u00f3n judicial y medi\u00e1tica\u201d.<\/p>\n\n\n\n<p>Sin embargo, allegados al Presidente manifestaron que Fern\u00e1ndez celebr\u00f3 el pedido de condena a Cristina, en raz\u00f3n de las constantes manifestaciones de la Vicepresidente en contra de su gesti\u00f3n.<\/p>\n","protected":false},"excerpt":{"rendered":"<p>Despu\u00e9s del pedido de prisi\u00f3n a 12 a\u00f1os solicitado por el fiscal Diego Luciani para la vicepresidenta Cristina Fern\u00e1ndez de Kirchner, Alberto Fern\u00e1ndez afirm\u00f3 que se trata de \u201cuna persecuci\u00f3n judicial y medi\u00e1tica\u201d. Sin embargo, allegados al Presidente manifestaron que Fern\u00e1ndez celebr\u00f3 el pedido de condena a Cristina, en raz\u00f3n de las constantes manifestaciones de [&hellip;]<\/p>\n","protected":false},"author":2,"featured_media":35761,"comment_status":"open","ping_status":"open","sticky":false,"template":"","format":"standard","meta":{"tdm_status":"","tdm_grid_status":"","_joinchat":[],"footnotes":""},"categories":[59],"tags":[],"class_list":{"0":"post-44298","1":"post","2":"type-post","3":"status-publish","4":"format-standard","5":"has-post-thumbnail","7":"category-politica"},"amp_enabled":true,"_links":{"self":[{"href":"https:\/\/www.todoeldia.com\/index.php\/wp-json\/wp\/v2\/posts\/44298","targetHints":{"allow":["GET"]}}],"collection":[{"href":"https:\/\/www.todoeldia.com\/index.php\/wp-json\/wp\/v2\/posts"}],"about":[{"href":"https:\/\/www.todoeldia.com\/index.php\/wp-json\/wp\/v2\/types\/post"}],"author":[{"embeddable":true,"href":"https:\/\/www.todoeldia.com\/index.php\/wp-json\/wp\/v2\/users\/2"}],"replies":[{"embeddable":true,"href":"https:\/\/www.todoeldia.com\/index.php\/wp-json\/wp\/v2\/comments?post=44298"}],"version-history":[{"count":1,"href":"https:\/\/www.todoeldia.com\/index.php\/wp-json\/wp\/v2\/posts\/44298\/revisions"}],"predecessor-version":[{"id":44299,"href":"https:\/\/www.todoeldia.com\/index.php\/wp-json\/wp\/v2\/posts\/44298\/revisions\/44299"}],"wp:featuredmedia":[{"embeddable":true,"href":"https:\/\/www.todoeldia.com\/index.php\/wp-json\/wp\/v2\/media\/35761"}],"wp:attachment":[{"href":"https:\/\/www.todoeldia.com\/index.php\/wp-json\/wp\/v2\/media?parent=44298"}],"wp:term":[{"taxonomy":"category","embeddable":true,"href":"https:\/\/www.todoeldia.com\/index.php\/wp-json\/wp\/v2\/categories?post=44298"},{"taxonomy":"post_tag","embeddable":true,"href":"https:\/\/www.todoeldia.com\/index.php\/wp-json\/wp\/v2\/tags?post=44298"}],"curies":[{"name":"wp","href":"https:\/\/api.w.org\/{rel}","templated":true}]}}