{"id":44300,"date":"2022-08-22T20:00:52","date_gmt":"2022-08-22T23:00:52","guid":{"rendered":"https:\/\/www.todoeldia.com\/?p=44300"},"modified":"2022-08-22T20:00:53","modified_gmt":"2022-08-22T23:00:53","slug":"evadio-un-control-policial-en-guemes-porque-llevaba-40-kilos-de-cocaina","status":"publish","type":"post","link":"https:\/\/www.todoeldia.com\/index.php\/2022\/08\/22\/evadio-un-control-policial-en-guemes-porque-llevaba-40-kilos-de-cocaina\/","title":{"rendered":"Evadi\u00f3 un control policial en G\u00fcemes porque llevaba 40 kilos de coca\u00edna"},"content":{"rendered":"\n<p>Personal de la Direcci\u00f3n de Seguridad Vial secuestr\u00f3 cerca de 40 kilos de coca\u00edna desde un veh\u00edculo que evadi\u00f3 un control policial en la ciudad de General G\u00fcemes.<\/p>\n\n\n\n<p>En el marco de los operativos que lleva adelante la Polic\u00eda de Salta, en la tarde de ayer un veh\u00edculo evadi\u00f3 un control en el Puesto de Seguridad Vial de R\u00edo Las Pavas ubicado sobre ruta nacional 34 en localidad de General G\u00fcemes.<\/p>\n\n\n\n<p>Tras una persecuci\u00f3n junto a personal del Departamento Seguridad Urbana, los uniformados logran ubicar al rodado abandonado en un descampado de barrio San Ignacio.<\/p>\n\n\n\n<p>Al verificar detectan en el interior envoltorios tipo ladrillos con coca\u00edna.<\/p>\n\n\n\n<p>Asimismo, en la zona logran alcanzar a una camioneta conducida por un hombre mayor que estar\u00eda vinculado en la causa.<\/p>\n\n\n\n<p>Tomo intervenci\u00f3n personal de Drogas Peligrosas. La prueba reactiva a la sustancia dio positivo para coca\u00edna m\u00e1xima pureza con un peso de 39,534 gramos.<\/p>\n\n\n\n<p>Por los hechos dos personas fueron aprehendidas, secuestraron dinero, un autom\u00f3vil y una camioneta, celular y documentaciones quedaron a disposici\u00f3n de la UFINAR y la Fiscal\u00eda Federal.<\/p>\n","protected":false},"excerpt":{"rendered":"<p>Personal de la Direcci\u00f3n de Seguridad Vial secuestr\u00f3 cerca de 40 kilos de coca\u00edna desde un veh\u00edculo que evadi\u00f3 un control policial en la ciudad de General G\u00fcemes. En el marco de los operativos que lleva adelante la Polic\u00eda de Salta, en la tarde de ayer un veh\u00edculo evadi\u00f3 un control en el Puesto de [&hellip;]<\/p>\n","protected":false},"author":2,"featured_media":44301,"comment_status":"open","ping_status":"open","sticky":false,"template":"","format":"standard","meta":{"tdm_status":"","tdm_grid_status":"","_joinchat":[],"footnotes":""},"categories":[63],"tags":[],"class_list":{"0":"post-44300","1":"post","2":"type-post","3":"status-publish","4":"format-standard","5":"has-post-thumbnail","7":"category-policiales"},"amp_enabled":true,"_links":{"self":[{"href":"https:\/\/www.todoeldia.com\/index.php\/wp-json\/wp\/v2\/posts\/44300","targetHints":{"allow":["GET"]}}],"collection":[{"href":"https:\/\/www.todoeldia.com\/index.php\/wp-json\/wp\/v2\/posts"}],"about":[{"href":"https:\/\/www.todoeldia.com\/index.php\/wp-json\/wp\/v2\/types\/post"}],"author":[{"embeddable":true,"href":"https:\/\/www.todoeldia.com\/index.php\/wp-json\/wp\/v2\/users\/2"}],"replies":[{"embeddable":true,"href":"https:\/\/www.todoeldia.com\/index.php\/wp-json\/wp\/v2\/comments?post=44300"}],"version-history":[{"count":1,"href":"https:\/\/www.todoeldia.com\/index.php\/wp-json\/wp\/v2\/posts\/44300\/revisions"}],"predecessor-version":[{"id":44302,"href":"https:\/\/www.todoeldia.com\/index.php\/wp-json\/wp\/v2\/posts\/44300\/revisions\/44302"}],"wp:featuredmedia":[{"embeddable":true,"href":"https:\/\/www.todoeldia.com\/index.php\/wp-json\/wp\/v2\/media\/44301"}],"wp:attachment":[{"href":"https:\/\/www.todoeldia.com\/index.php\/wp-json\/wp\/v2\/media?parent=44300"}],"wp:term":[{"taxonomy":"category","embeddable":true,"href":"https:\/\/www.todoeldia.com\/index.php\/wp-json\/wp\/v2\/categories?post=44300"},{"taxonomy":"post_tag","embeddable":true,"href":"https:\/\/www.todoeldia.com\/index.php\/wp-json\/wp\/v2\/tags?post=44300"}],"curies":[{"name":"wp","href":"https:\/\/api.w.org\/{rel}","templated":true}]}}