{"id":44303,"date":"2022-08-22T20:04:58","date_gmt":"2022-08-22T23:04:58","guid":{"rendered":"https:\/\/www.todoeldia.com\/?p=44303"},"modified":"2022-08-22T20:05:00","modified_gmt":"2022-08-22T23:05:00","slug":"se-suspendio-el-festi-oran-2-022","status":"publish","type":"post","link":"https:\/\/www.todoeldia.com\/index.php\/2022\/08\/22\/se-suspendio-el-festi-oran-2-022\/","title":{"rendered":"Se suspendi\u00f3 el Festi Or\u00e1n 2.022"},"content":{"rendered":"\n<p>Esta ma\u00f1ana el periodista y empresario Roberto Meri anunci\u00f3 en su programa radial que se suspend\u00eda el tradicional Festi Or\u00e1n previsto para el pr\u00f3ximo s\u00e1bado 27 y martes 30 de agosto.<\/p>\n\n\n\n<p>Llamativamente anunci\u00f3 que reci\u00e9n el 1 de septiembre brindar\u00e1 los motivos que motivaron esta decisi\u00f3n a pocos d\u00edas del evento cuya cartelera ten\u00eda artistas como El Chaque\u00f1o Palavecino, L\u00e1zaro Caballero, Sergio Galleguillo, Las Voces de Or\u00e1n entre otros.<\/p>\n\n\n\n<p>Una de las teor\u00edas podr\u00eda ser la poca venta de entradas ante una n\u00f3mina de artistas que se repiten todos los a\u00f1os o que actuaron de manera gratuita en diferentes festivales de la regi\u00f3n.<\/p>\n\n\n\n<p>La difusi\u00f3n del festival anticipaba que contaba con el auspicio de la Municipalidad, Gobierno de Salta y empresas como Seaboard, lo que garantizaba un apoyo econ\u00f3mico base para este tipo de actividades.<\/p>\n","protected":false},"excerpt":{"rendered":"<p>Esta ma\u00f1ana el periodista y empresario Roberto Meri anunci\u00f3 en su programa radial que se suspend\u00eda el tradicional Festi Or\u00e1n previsto para el pr\u00f3ximo s\u00e1bado 27 y martes 30 de agosto. Llamativamente anunci\u00f3 que reci\u00e9n el 1 de septiembre brindar\u00e1 los motivos que motivaron esta decisi\u00f3n a pocos d\u00edas del evento cuya cartelera ten\u00eda artistas [&hellip;]<\/p>\n","protected":false},"author":2,"featured_media":44304,"comment_status":"open","ping_status":"open","sticky":false,"template":"","format":"standard","meta":{"tdm_status":"","tdm_grid_status":"","_joinchat":[],"footnotes":""},"categories":[73],"tags":[],"class_list":{"0":"post-44303","1":"post","2":"type-post","3":"status-publish","4":"format-standard","5":"has-post-thumbnail","7":"category-noticias-general"},"amp_enabled":true,"_links":{"self":[{"href":"https:\/\/www.todoeldia.com\/index.php\/wp-json\/wp\/v2\/posts\/44303","targetHints":{"allow":["GET"]}}],"collection":[{"href":"https:\/\/www.todoeldia.com\/index.php\/wp-json\/wp\/v2\/posts"}],"about":[{"href":"https:\/\/www.todoeldia.com\/index.php\/wp-json\/wp\/v2\/types\/post"}],"author":[{"embeddable":true,"href":"https:\/\/www.todoeldia.com\/index.php\/wp-json\/wp\/v2\/users\/2"}],"replies":[{"embeddable":true,"href":"https:\/\/www.todoeldia.com\/index.php\/wp-json\/wp\/v2\/comments?post=44303"}],"version-history":[{"count":1,"href":"https:\/\/www.todoeldia.com\/index.php\/wp-json\/wp\/v2\/posts\/44303\/revisions"}],"predecessor-version":[{"id":44305,"href":"https:\/\/www.todoeldia.com\/index.php\/wp-json\/wp\/v2\/posts\/44303\/revisions\/44305"}],"wp:featuredmedia":[{"embeddable":true,"href":"https:\/\/www.todoeldia.com\/index.php\/wp-json\/wp\/v2\/media\/44304"}],"wp:attachment":[{"href":"https:\/\/www.todoeldia.com\/index.php\/wp-json\/wp\/v2\/media?parent=44303"}],"wp:term":[{"taxonomy":"category","embeddable":true,"href":"https:\/\/www.todoeldia.com\/index.php\/wp-json\/wp\/v2\/categories?post=44303"},{"taxonomy":"post_tag","embeddable":true,"href":"https:\/\/www.todoeldia.com\/index.php\/wp-json\/wp\/v2\/tags?post=44303"}],"curies":[{"name":"wp","href":"https:\/\/api.w.org\/{rel}","templated":true}]}}