{"id":44306,"date":"2022-08-22T20:17:39","date_gmt":"2022-08-22T23:17:39","guid":{"rendered":"https:\/\/www.todoeldia.com\/?p=44306"},"modified":"2022-08-22T20:17:41","modified_gmt":"2022-08-22T23:17:41","slug":"prision-perpetua-para-melanio-gonzalez-el-asesino-de-marcelina-peloc","status":"publish","type":"post","link":"https:\/\/www.todoeldia.com\/index.php\/2022\/08\/22\/prision-perpetua-para-melanio-gonzalez-el-asesino-de-marcelina-peloc\/","title":{"rendered":"Prisi\u00f3n perpetua para Melanio Gonz\u00e1lez el asesino de Marcelina Peloc"},"content":{"rendered":"\n<p>En un procedimiento abreviado llevado a cabo en la Sala III del Tribunal de Juicio, Melanio Gonz\u00e1lez (51) fue condenado a prisi\u00f3n perpetua por resultar autor material y penalmente responsable de los delitos de homicidio doblemente agravado por la relaci\u00f3n de pareja preexistente y por mediar violencia de g\u00e9nero en concurso ideal con desobediencia judicial, todo en concurso real con violaci\u00f3n de domicilio.<\/p>\n\n\n\n<p>La jueza Mar\u00eda Gabriela Gonz\u00e1lez orden\u00f3 el traslado del condenado a la Unidad Carcelaria 1 y que se le realice examen de ADN para la incorporaci\u00f3n de su perfil gen\u00e9tico en los bancos de datos correspondientes.<\/p>\n\n\n\n<p>El 5 de septiembre del a\u00f1o pasado, Melanio Gonz\u00e1lez entr\u00f3 sin autorizaci\u00f3n a la casa de su expareja, Marcelina Peloc, en barrio Gustavo Leguizam\u00f3n. El imputado trep\u00f3 unas rejas, subi\u00f3 al techo e ingres\u00f3 luego por una puerta del fondo que daba a la cocina. Gonz\u00e1lez sab\u00eda que esa entrada estaba sin seguridad.<\/p>\n\n\n\n<p>Una vez adentro, atac\u00f3 con un cuchillo a la mujer provoc\u00e1ndole heridas de gravedad. Peloc falleci\u00f3 por shock hipovol\u00e9mico.<\/p>\n\n\n\n<p>Consumado el hecho, Gonz\u00e1lez intent\u00f3 hablar con sus hijos y dio aviso al Sistema de Emergencia 911 acerca de la presencia de una persona sin vida en el inmueble.<\/p>\n\n\n\n<p>El imputado ten\u00eda prohibici\u00f3n de acercamiento y de ejercer actos violentos en contra de la v\u00edctima. Hab\u00eda sido notificado luego de que su expareja lo denunciara por hechos anteriores de violencia de g\u00e9nero.<\/p>\n","protected":false},"excerpt":{"rendered":"<p>En un procedimiento abreviado llevado a cabo en la Sala III del Tribunal de Juicio, Melanio Gonz\u00e1lez (51) fue condenado a prisi\u00f3n perpetua por resultar autor material y penalmente responsable de los delitos de homicidio doblemente agravado por la relaci\u00f3n de pareja preexistente y por mediar violencia de g\u00e9nero en concurso ideal con desobediencia judicial, [&hellip;]<\/p>\n","protected":false},"author":2,"featured_media":32788,"comment_status":"open","ping_status":"open","sticky":false,"template":"","format":"standard","meta":{"tdm_status":"","tdm_grid_status":"","_joinchat":[],"footnotes":""},"categories":[63],"tags":[],"class_list":{"0":"post-44306","1":"post","2":"type-post","3":"status-publish","4":"format-standard","5":"has-post-thumbnail","7":"category-policiales"},"amp_enabled":true,"_links":{"self":[{"href":"https:\/\/www.todoeldia.com\/index.php\/wp-json\/wp\/v2\/posts\/44306","targetHints":{"allow":["GET"]}}],"collection":[{"href":"https:\/\/www.todoeldia.com\/index.php\/wp-json\/wp\/v2\/posts"}],"about":[{"href":"https:\/\/www.todoeldia.com\/index.php\/wp-json\/wp\/v2\/types\/post"}],"author":[{"embeddable":true,"href":"https:\/\/www.todoeldia.com\/index.php\/wp-json\/wp\/v2\/users\/2"}],"replies":[{"embeddable":true,"href":"https:\/\/www.todoeldia.com\/index.php\/wp-json\/wp\/v2\/comments?post=44306"}],"version-history":[{"count":1,"href":"https:\/\/www.todoeldia.com\/index.php\/wp-json\/wp\/v2\/posts\/44306\/revisions"}],"predecessor-version":[{"id":44307,"href":"https:\/\/www.todoeldia.com\/index.php\/wp-json\/wp\/v2\/posts\/44306\/revisions\/44307"}],"wp:featuredmedia":[{"embeddable":true,"href":"https:\/\/www.todoeldia.com\/index.php\/wp-json\/wp\/v2\/media\/32788"}],"wp:attachment":[{"href":"https:\/\/www.todoeldia.com\/index.php\/wp-json\/wp\/v2\/media?parent=44306"}],"wp:term":[{"taxonomy":"category","embeddable":true,"href":"https:\/\/www.todoeldia.com\/index.php\/wp-json\/wp\/v2\/categories?post=44306"},{"taxonomy":"post_tag","embeddable":true,"href":"https:\/\/www.todoeldia.com\/index.php\/wp-json\/wp\/v2\/tags?post=44306"}],"curies":[{"name":"wp","href":"https:\/\/api.w.org\/{rel}","templated":true}]}}