{"id":44317,"date":"2022-08-22T21:31:35","date_gmt":"2022-08-23T00:31:35","guid":{"rendered":"https:\/\/www.todoeldia.com\/?p=44317"},"modified":"2022-08-22T21:31:36","modified_gmt":"2022-08-23T00:31:36","slug":"conducia-ebrio-y-causo-danos-y-lesiones-en-oran","status":"publish","type":"post","link":"https:\/\/www.todoeldia.com\/index.php\/2022\/08\/22\/conducia-ebrio-y-causo-danos-y-lesiones-en-oran\/","title":{"rendered":"Conduc\u00eda ebrio y caus\u00f3 da\u00f1os y lesiones en Or\u00e1n"},"content":{"rendered":"\n<p>Un hombre de 46 a\u00f1os fue detenido e imputado por un hecho ocurrido durante la ma\u00f1ana de este domingo, cuando embisti\u00f3 contra un autom\u00f3vil, causando da\u00f1os y lesiones a sus ocupantes. Se dio a la fuga y termin\u00f3 impactando contra el toldo de un negocio. Se abstuvo de declarar y se ratific\u00f3 su detenci\u00f3n.<\/p>\n\n\n\n<p>La fiscal penal 1 de Or\u00e1n, Daniela Mur\u00faa, imput\u00f3 en forma provisional a un hombre de 46 como autor de los delitos de lesiones culposas y da\u00f1os (dos hechos) en concurso real.<\/p>\n\n\n\n<p>El hecho investigado ocurri\u00f3 este domingo por la ma\u00f1ana, cuando una pareja de polic\u00edas descend\u00eda de su autom\u00f3vil particular y fueron embestidos por un veh\u00edculo conducido por el acusado, sufriendo ambos lesiones y da\u00f1os en la parte trasera del auto.<\/p>\n\n\n\n<p>Como producto del impacto, un segundo autom\u00f3vil que estaba estacionado result\u00f3 tambi\u00e9n siniestrado.<\/p>\n\n\n\n<p>El conductor se dio a la fuga y termin\u00f3 impactando m\u00e1s adelante, en el toldo de un negocio, que result\u00f3 totalmente da\u00f1ado. En el lugar se procedi\u00f3 a la demora del sospechoso, y tras realizarle el test de alcoholemia, se comprob\u00f3 que conduc\u00eda con 0.77 g\/l de alcohol en sangre.<\/p>\n\n\n\n<p>Desde la Fiscal\u00eda se dispuso el cumplimiento de todas las medidas de rigor y se solicit\u00f3 la detenci\u00f3n del acusado.<\/p>\n\n\n\n<p>Tras conocer la acusaci\u00f3n en su contra, el imputado en compa\u00f1\u00eda de un defensor particular, se abstuvo de declarar y la fiscal Mur\u00faa ratific\u00f3 su detenci\u00f3n al Juzgado de Garant\u00edas interviniente.<\/p>\n","protected":false},"excerpt":{"rendered":"<p>Un hombre de 46 a\u00f1os fue detenido e imputado por un hecho ocurrido durante la ma\u00f1ana de este domingo, cuando embisti\u00f3 contra un autom\u00f3vil, causando da\u00f1os y lesiones a sus ocupantes. Se dio a la fuga y termin\u00f3 impactando contra el toldo de un negocio. Se abstuvo de declarar y se ratific\u00f3 su detenci\u00f3n. La [&hellip;]<\/p>\n","protected":false},"author":2,"featured_media":44318,"comment_status":"open","ping_status":"open","sticky":false,"template":"","format":"standard","meta":{"tdm_status":"","tdm_grid_status":"","_joinchat":[],"footnotes":""},"categories":[63],"tags":[],"class_list":{"0":"post-44317","1":"post","2":"type-post","3":"status-publish","4":"format-standard","5":"has-post-thumbnail","7":"category-policiales"},"amp_enabled":true,"_links":{"self":[{"href":"https:\/\/www.todoeldia.com\/index.php\/wp-json\/wp\/v2\/posts\/44317","targetHints":{"allow":["GET"]}}],"collection":[{"href":"https:\/\/www.todoeldia.com\/index.php\/wp-json\/wp\/v2\/posts"}],"about":[{"href":"https:\/\/www.todoeldia.com\/index.php\/wp-json\/wp\/v2\/types\/post"}],"author":[{"embeddable":true,"href":"https:\/\/www.todoeldia.com\/index.php\/wp-json\/wp\/v2\/users\/2"}],"replies":[{"embeddable":true,"href":"https:\/\/www.todoeldia.com\/index.php\/wp-json\/wp\/v2\/comments?post=44317"}],"version-history":[{"count":1,"href":"https:\/\/www.todoeldia.com\/index.php\/wp-json\/wp\/v2\/posts\/44317\/revisions"}],"predecessor-version":[{"id":44319,"href":"https:\/\/www.todoeldia.com\/index.php\/wp-json\/wp\/v2\/posts\/44317\/revisions\/44319"}],"wp:featuredmedia":[{"embeddable":true,"href":"https:\/\/www.todoeldia.com\/index.php\/wp-json\/wp\/v2\/media\/44318"}],"wp:attachment":[{"href":"https:\/\/www.todoeldia.com\/index.php\/wp-json\/wp\/v2\/media?parent=44317"}],"wp:term":[{"taxonomy":"category","embeddable":true,"href":"https:\/\/www.todoeldia.com\/index.php\/wp-json\/wp\/v2\/categories?post=44317"},{"taxonomy":"post_tag","embeddable":true,"href":"https:\/\/www.todoeldia.com\/index.php\/wp-json\/wp\/v2\/tags?post=44317"}],"curies":[{"name":"wp","href":"https:\/\/api.w.org\/{rel}","templated":true}]}}